{"id":4649,"date":"2025-04-16T01:27:01","date_gmt":"2025-04-16T01:27:01","guid":{"rendered":"https:\/\/minutaregional.cl\/?p=4649"},"modified":"2025-04-16T01:27:01","modified_gmt":"2025-04-16T01:27:01","slug":"aguas-del-valle-refuerza-su-operacion-para-hacer-frente-a-la-semana-santa","status":"publish","type":"post","link":"https:\/\/minutaregional.cl\/?p=4649","title":{"rendered":"Aguas del Valle refuerza su operaci\u00f3n para hacer frente a la Semana Santa"},"content":{"rendered":"<audio class=\"wp-audio-shortcode\" id=\"audio-4649-1\" preload=\"none\" style=\"width: 100%;\" controls=\"controls\"><source type=\"audio\/mpeg\" src=\"https:\/\/minutaregional.cl\/wp-content\/uploads\/2025\/04\/Gerente-Aguas-del-Valle.mp3?_=1\" \/><a href=\"https:\/\/minutaregional.cl\/wp-content\/uploads\/2025\/04\/Gerente-Aguas-del-Valle.mp3\">https:\/\/minutaregional.cl\/wp-content\/uploads\/2025\/04\/Gerente-Aguas-del-Valle.mp3<\/a><\/audio>\n<p>AUDIO : El gerente regional de la sanitaria, Andr\u00e9s Nazer<\/p>\n<audio class=\"wp-audio-shortcode\" id=\"audio-4649-2\" preload=\"none\" style=\"width: 100%;\" controls=\"controls\"><source type=\"audio\/mpeg\" src=\"https:\/\/minutaregional.cl\/wp-content\/uploads\/2025\/04\/Gobernador-1.mp3?_=2\" \/><a href=\"https:\/\/minutaregional.cl\/wp-content\/uploads\/2025\/04\/Gobernador-1.mp3\">https:\/\/minutaregional.cl\/wp-content\/uploads\/2025\/04\/Gobernador-1.mp3<\/a><\/audio>\n<p>AUDIO : Gobernador Regional, Crist\u00f3bal Juli\u00e1<\/p>\n<ul>\n<li>Con una visita de autoridades a la planta de producci\u00f3n en la localidad de Las Rojas, se inform\u00f3 del plan preventivo que desplegar\u00e1 la sanitaria durante los pr\u00f3ximos d\u00edas.<\/li>\n<\/ul>\n<p><strong>La Serena, Abril de 2025. <\/strong>Aguas del Valle reforzar\u00e1 sus servicios con un plan preventivo para responder al aumento del consumo de agua potable en localidades costeras y tur\u00edsticas ante la llegada de visitantes por Semana Santa a la regi\u00f3n de Coquimbo.<\/p>\n<p>El gerente regional de la sanitaria, Andr\u00e9s Nazer, se\u00f1al\u00f3 que \u201cpara Semana Santa robustecemos el Centro de Inteligencia Operacional, habilitado para monitorear en tiempo real y a distancia los distintos niveles, caudales y presiones a lo largo de toda la regi\u00f3n. De esta forma, podemos adoptar medidas inmediatas en el caso de registrarse alg\u00fan inconveniente\u201d.<\/p>\n<p>El ejecutivo indic\u00f3, adem\u00e1s, que la empresa reforzar\u00e1 turnos y est\u00e1 realizando mantenimientos preventivos de los equipos, para fortalecer la operaci\u00f3n de toda la red en la regi\u00f3n. El principal aumento en la producci\u00f3n de agua potable en estas fechas se registra en las localidades costeras como, por ejemplo, en Guanaqueros, Los Vilos y Tongoy, con un alza que puede llegar a un 13%. Algo similar ocurre en zonas tur\u00edsticas como Vicu\u00f1a y Paihuano, con un aumento que puede llegar al 10%.<\/p>\n<p>Para el Gobernador Regional, Crist\u00f3bal Juli\u00e1, resulta \u201csumamente importante que nuestra regi\u00f3n se llene de turistas, que fomenten todos los sectores productivos de la regi\u00f3n. Y por eso nos sumamos al llamado que est\u00e1 haciendo Aguas del Valle y Sernatur para que todos quienes vengan a nuestra zona en Semana Santa lo hagan con responsabilidad\u201d.<\/p>\n<p>Desde Sernatur, la directora regional, Ang\u00e9lica Funes, precis\u00f3 que \u201cya tenemos un n\u00famero importante de reservas en el Valle del Elqui, en La Serena, Coquimbo y en la provincia del Limar\u00ed. Estimamos que podemos llegar a 100 mil personas que visiten nuestra regi\u00f3n, entre nacionales y turistas argentinos\u201d.<\/p>\n<p>Las autoridades chequearon en terreno el proceso de producci\u00f3n de agua potable, en el que Aguas del Valle realiza cerca de 600 controles al d\u00eda, totalizando casi 17 mil controles al mes, para garantizar la calidad del servicio. Se cumple con todos los par\u00e1metros exigidos por la norma chilena, siendo el \u00fanico pa\u00eds en Sudam\u00e9rica donde se puede beber agua de la llave sin riesgo para la salud.<\/p>\n<p>En la oportunidad, tambi\u00e9n se reforz\u00f3 el llamado a un buen uso del sistema de alcantarillado, evitando incorporar elementos ajenos a la red, como basura, restos de comida y otros desechos que puedan ocasionar rebases que afectan al entorno.<\/p>\n<p>Para consultas de la comunidad, Aguas del Valle mantendr\u00e1 operativos en forma ininterrumpida sus canales de atenci\u00f3n, a trav\u00e9s de la l\u00ednea 600 400 4444 para brindar asistencia a los clientes que lo necesiten.<\/p>\n","protected":false},"excerpt":{"rendered":"<p>AUDIO : El gerente regional de la sanitaria, Andr\u00e9s Nazer AUDIO : Gobernador Regional, Crist\u00f3bal Juli\u00e1 Con una visita de autoridades a la planta de producci\u00f3n en la localidad de Las Rojas, se inform\u00f3 del plan preventivo que desplegar\u00e1 la sanitaria durante los pr\u00f3ximos d\u00edas. La Serena, Abril de 2025.<\/p>\n","protected":false},"author":1,"featured_media":4650,"comment_status":"closed","ping_status":"open","sticky":false,"template":"","format":"standard","meta":{"footnotes":""},"categories":[45,6],"tags":[],"class_list":["post-4649","post","type-post","status-publish","format-standard","has-post-thumbnail","hentry","category-aguas-del-valle","category-gorecoquimbo"],"_links":{"self":[{"href":"https:\/\/minutaregional.cl\/index.php?rest_route=\/wp\/v2\/posts\/4649","targetHints":{"allow":["GET"]}}],"collection":[{"href":"https:\/\/minutaregional.cl\/index.php?rest_route=\/wp\/v2\/posts"}],"about":[{"href":"https:\/\/minutaregional.cl\/index.php?rest_route=\/wp\/v2\/types\/post"}],"author":[{"embeddable":true,"href":"https:\/\/minutaregional.cl\/index.php?rest_route=\/wp\/v2\/users\/1"}],"replies":[{"embeddable":true,"href":"https:\/\/minutaregional.cl\/index.php?rest_route=%2Fwp%2Fv2%2Fcomments&post=4649"}],"version-history":[{"count":1,"href":"https:\/\/minutaregional.cl\/index.php?rest_route=\/wp\/v2\/posts\/4649\/revisions"}],"predecessor-version":[{"id":4653,"href":"https:\/\/minutaregional.cl\/index.php?rest_route=\/wp\/v2\/posts\/4649\/revisions\/4653"}],"wp:featuredmedia":[{"embeddable":true,"href":"https:\/\/minutaregional.cl\/index.php?rest_route=\/wp\/v2\/media\/4650"}],"wp:attachment":[{"href":"https:\/\/minutaregional.cl\/index.php?rest_route=%2Fwp%2Fv2%2Fmedia&parent=4649"}],"wp:term":[{"taxonomy":"category","embeddable":true,"href":"https:\/\/minutaregional.cl\/index.php?rest_route=%2Fwp%2Fv2%2Fcategories&post=4649"},{"taxonomy":"post_tag","embeddable":true,"href":"https:\/\/minutaregional.cl\/index.php?rest_route=%2Fwp%2Fv2%2Ftags&post=4649"}],"curies":[{"name":"wp","href":"https:\/\/api.w.org\/{rel}","templated":true}]}}