{"id":4623,"date":"2024-12-06T12:41:19","date_gmt":"2024-12-06T12:41:19","guid":{"rendered":"https:\/\/minutaregional.cl\/?p=4623"},"modified":"2024-12-13T12:43:37","modified_gmt":"2024-12-13T12:43:37","slug":"transicion-socio-ecologica-observatorio-laboral-regional-presenta-hallazgos-sobre-caracterizacion-del-empleo-agricola-ante-la-escasez-hidrica","status":"publish","type":"post","link":"https:\/\/minutaregional.cl\/?p=4623","title":{"rendered":"Transici\u00f3n socio-ecol\u00f3gica: Observatorio Laboral regional presenta hallazgos sobre caracterizaci\u00f3n del empleo Agr\u00edcola ante la escasez h\u00eddrica"},"content":{"rendered":"<p><em>Los datos fueron expuestos en los talleres participativos realizados por el Observatorio Laboral de la UCN Coquimbo en las provincias del Limar\u00ed, Elqui y Choapa.<\/em><\/p>\n<p>A trav\u00e9s de la realizaci\u00f3n de los Talleres Participativos \u201cTransici\u00f3n socio-ecol\u00f3gica: Los efectos en el sector Agr\u00edcola ante la Crisis H\u00eddrica en la Regi\u00f3n de Coquimbo\u201d, el Observatorio Laboral de Coquimbo (OLR) de la Universidad Cat\u00f3lica del Norte (UCN) dio a conocer los principales resultados del Estudio de Pertinencia Regional, el cual busca evidenciar las consecuencias de la crisis h\u00eddrica en el empleo del sector agr\u00edcola de la Regi\u00f3n de Coquimbo.<\/p>\n<p>Se trat\u00f3 de un total de tres jornadas realizadas en Paihuano, Illapel y Monte Patria; encuentros que reunieron a representantes de sindicatos, oficinas municipales de informaci\u00f3n laboral, funcionarios municipales, entre otros actores territoriales relevantes.<\/p>\n<p><strong>Exposiciones con pertinencia<\/strong><\/p>\n<p>Este importante encuentro, adem\u00e1s de exponer los resultados de este estudio, cont\u00f3 con diversos expositores; ente ellos, Pedro Hern\u00e1ndez P\u00e9rez, Ingeniero Agr\u00f3nomo con m\u00e1s de 20 a\u00f1os de experiencia en el \u00e1rea de recursos h\u00eddricos, innovaci\u00f3n, desarrollo comunitario y rural, quien dio a conocer la evoluci\u00f3n de la superficie agr\u00edcola regional y de la crisis h\u00eddrica.<\/p>\n<p>Mientras que, en la comuna de Monte Patria, el investigador Postdoctoral del proyecto de Planificaci\u00f3n de la Acci\u00f3n Clim\u00e1tica (CLAP) del Centro de Estudios Avanzados en Zonas \u00c1ridas (CEAZA), Limbert Torrez Rodr\u00edguez, expuso la situaci\u00f3n actual a nivel clim\u00e1tico y llam\u00f3 a realizar una reflexi\u00f3n conjunta sobre la importancia de tomar decisiones en pol\u00edticas p\u00fablicas basadas en informaci\u00f3n cient\u00edfica y datos sociales, de manera integrada y con miras al futuro.<\/p>\n<p>Oportunidad en la cual, el Seremi del Trabajo y Previsi\u00f3n Social, Francisco Brizuela Tapia, expuso sobre el trabajo que est\u00e1n desarrollando desde la Secretar\u00eda Regional Ministerial del Trabajo en torno a los actuales desaf\u00edos que representa la escasez h\u00eddrica para el mercado laboral.<\/p>\n<p>\u201cValoramos el aporte que desde la academia se hace, a trav\u00e9s del observatorio laboral y, en segundo lugar, tambi\u00e9n valoramos la instancia de participaci\u00f3n generada en esta oportunidad en Monte Patria, porque nos permite enriquecer y complementar los alcances y el sentido de los estudios que hoy tenemos para enfrentar con datos e informaci\u00f3n la tarea que nos plantea y que nos demanda esta situaci\u00f3n de contexto y que tiene que ver con la falta del recurso h\u00eddrico\u201d, se\u00f1al\u00f3 el Seremi de Trabajo y Previsi\u00f3n Social.<\/p>\n<p><strong>Principales resultados<\/strong><\/p>\n<p>Este estudio busca analizar el impacto de la persistente escasez h\u00eddrica en la regi\u00f3n, con un enfoque particular en el sector agr\u00edcola, cuya relevancia econ\u00f3mica y social est\u00e1 estrechamente ligada a la generaci\u00f3n de empleo, especialmente en las zonas rurales.<\/p>\n<p>En este sentido, entre los principales hallazgos destaca la cantidad de ocupados del sector agr\u00edcola, cifra que, de acuerdo a la Encuesta Nacional de Empleo, protagoniz\u00f3 un aumento para el a\u00f1o 2023, alcanzando los 32.977 ocupados, en comparaci\u00f3n a los 29.405 registrados en el 2022.<\/p>\n<p><strong>Disminuci\u00f3n de participaci\u00f3n<\/strong><\/p>\n<p>Al realizar un an\u00e1lisis m\u00e1s espec\u00edfico de las cifras presentadas, destaca la situaci\u00f3n de las personas adultas que trabajan en el sector agr\u00edcola, quienes han disminuido su participaci\u00f3n, llegando a los 18.607 ocupados en el a\u00f1o 2022 \u2013 una de las cifras m\u00e1s bajas registradas \u2013 luego de haber presentado en el 2014 un total de 28.238 adultos trabajando en el sector.<\/p>\n<p>Esta situaci\u00f3n no es ajena a lo que sucede con el caso de los j\u00f3venes, quienes registran solo 3.191 ocupados en el 2023, a diferencia de los 7.023 ocupados presentados en el 2018. Al respecto, la directora del OLR-C, Karen Vargas Santander, explica que \u201cesto evidencia un declive continuo en la fuerza laboral agr\u00edcola, y probablemente uno de los factores relacionados es la crisis h\u00eddrica. A pesar de ello, es sabido que existe un envejecimiento poblacional que se manifiesta en las personas adultas mayores trabajando en el sector, y tambi\u00e9n la transici\u00f3n hacia otros sectores econ\u00f3micos\u201d.<\/p>\n<p>Los diferentes datos presentados fueron ampliamente valorados por las y los asistentes a estos talleres, as\u00ed lo manifest\u00f3 el Encargado de la Oficina Laboral OMIL de Paihuano, Juan Ignacio Catal\u00e1n. \u201cSon datos s\u00faper relevantes e importantes para nosotros, ya que somos una comuna agr\u00edcola y creo que esta informaci\u00f3n se traduce en un insumo para poder evaluar d\u00f3nde se necesita la mano de obra, y de qu\u00e9 forma distribuirla\u201d.<\/p>\n<p>El Observatorio Laboral de Coquimbo es una iniciativa ejecutada por la <a href=\"http:\/\/www.eciem.cl\">Escuela de Ciencias Empresariales<\/a> de la <a href=\"http:\/\/www.ucn.cl\">Universidad Cat\u00f3lica del Norte<\/a>, sede Coquimbo, y financiada por la Subsecretar\u00eda del Trabajo, en el marco de la Estrategia Nacional de Prospecci\u00f3n Laboral.<\/p>\n<p>&nbsp;<\/p>\n","protected":false},"excerpt":{"rendered":"<p>Los datos fueron expuestos en los talleres participativos realizados por el Observatorio Laboral de la UCN Coquimbo en las provincias del Limar\u00ed, Elqui y Choapa. A trav\u00e9s de la realizaci\u00f3n de los Talleres Participativos \u201cTransici\u00f3n socio-ecol\u00f3gica: Los efectos en el sector Agr\u00edcola ante la Crisis H\u00eddrica en la Regi\u00f3n de<\/p>\n","protected":false},"author":1,"featured_media":4624,"comment_status":"open","ping_status":"open","sticky":false,"template":"","format":"standard","meta":{"footnotes":""},"categories":[1],"tags":[],"class_list":["post-4623","post","type-post","status-publish","format-standard","has-post-thumbnail","hentry","category-noticias-regionales"],"_links":{"self":[{"href":"https:\/\/minutaregional.cl\/index.php?rest_route=\/wp\/v2\/posts\/4623","targetHints":{"allow":["GET"]}}],"collection":[{"href":"https:\/\/minutaregional.cl\/index.php?rest_route=\/wp\/v2\/posts"}],"about":[{"href":"https:\/\/minutaregional.cl\/index.php?rest_route=\/wp\/v2\/types\/post"}],"author":[{"embeddable":true,"href":"https:\/\/minutaregional.cl\/index.php?rest_route=\/wp\/v2\/users\/1"}],"replies":[{"embeddable":true,"href":"https:\/\/minutaregional.cl\/index.php?rest_route=%2Fwp%2Fv2%2Fcomments&post=4623"}],"version-history":[{"count":1,"href":"https:\/\/minutaregional.cl\/index.php?rest_route=\/wp\/v2\/posts\/4623\/revisions"}],"predecessor-version":[{"id":4625,"href":"https:\/\/minutaregional.cl\/index.php?rest_route=\/wp\/v2\/posts\/4623\/revisions\/4625"}],"wp:featuredmedia":[{"embeddable":true,"href":"https:\/\/minutaregional.cl\/index.php?rest_route=\/wp\/v2\/media\/4624"}],"wp:attachment":[{"href":"https:\/\/minutaregional.cl\/index.php?rest_route=%2Fwp%2Fv2%2Fmedia&parent=4623"}],"wp:term":[{"taxonomy":"category","embeddable":true,"href":"https:\/\/minutaregional.cl\/index.php?rest_route=%2Fwp%2Fv2%2Fcategories&post=4623"},{"taxonomy":"post_tag","embeddable":true,"href":"https:\/\/minutaregional.cl\/index.php?rest_route=%2Fwp%2Fv2%2Ftags&post=4623"}],"curies":[{"name":"wp","href":"https:\/\/api.w.org\/{rel}","templated":true}]}}