{"id":4617,"date":"2024-12-11T20:25:10","date_gmt":"2024-12-11T20:25:10","guid":{"rendered":"https:\/\/minutaregional.cl\/?p=4617"},"modified":"2024-12-11T20:25:10","modified_gmt":"2024-12-11T20:25:10","slug":"colaboracion-entre-seremi-de-justicia-y-uls-resalta-importancia-de-la-labor-forense-en-el-cumplimiento-de-los-derechos-humanos","status":"publish","type":"post","link":"https:\/\/minutaregional.cl\/?p=4617","title":{"rendered":"Colaboraci\u00f3n entre Seremi de Justicia y ULS resalta importancia de la labor forense en el cumplimiento de los derechos humanos"},"content":{"rendered":"<p><em>La instancia se realiz\u00f3 en el marco del D\u00eda Internacional de los Derechos Humanos a 76 a\u00f1os de la Declaraci\u00f3n Universal.<\/em><\/p>\n<p>Con una visita guiada por las dependencias del Servicio M\u00e9dico Legal, j\u00f3venes estudiantes de \u00faltimo a\u00f1o de la carrera de derecho de la Universidad de La Serena, conocieron las \u00e1reas y la labor que realizan los funcionarios y funcionarias de la instituci\u00f3n forense, materializando el reci\u00e9n firmado protocolo de colaboraci\u00f3n entre la Seremi de Justicia y la ULS. Lo anterior, realizada en el marco de la conmemoraci\u00f3n del D\u00eda Internacional de los Derechos Humanos.<\/p>\n<p>La iniciativa se gestion\u00f3 gracias a la firma de un protocolo de colaboraci\u00f3n entre la Seremi de Justicia y Derechos humanos y la Universidad de La Serena, que permitir\u00e1 realizar diversas actividades conjuntas que beneficiar\u00e1n a estudiantes de las carreras de la Facultad de Ciencias Sociales, Empresariales y Jur\u00eddicas (FACSEJ).<\/p>\n<p>\u201cEl SML hace un trabajo fundamental en la b\u00fasqueda de la verdad, a trav\u00e9s de su labor de reconocimiento y peritajes mediante la aplicaci\u00f3n del Protocolo Estambul a v\u00edctimas de violaciones a los derechos humanos. Igualmente, su colaboraci\u00f3n en Plan Nacional de B\u00fasqueda, mediante el reconocimiento de osamentas de las v\u00edctimas de desaparici\u00f3n forzosa ocurridas durante la dictadura, por eso en este d\u00eda es tan importante reconocer su labor en la materia\u201d, indic\u00f3 <strong>Mar\u00eda Jos\u00e9 Rojas Erbetta, seremi de Justicia y Derechos Humanos.<\/strong><\/p>\n<p><strong>Cristina Mart\u00ednez, directora regional (s) del SML,<\/strong> manifest\u00f3 que el protocolo de colaboraci\u00f3n es una buena instancia de participaci\u00f3n, \u201ces una muy buena noticia, porque eso significa que podremos volver a optar a unas pasant\u00edas y tener m\u00e1s inter\u00e9s de posibles profesionales que se interesan en esta \u00e1rea\u201d.<\/p>\n<p><strong>German Sol\u00eds, acad\u00e9mico de la carrera de derecho y secretario acad\u00e9mico del Departamento de Ciencias Jur\u00eddicas de la Universidad de La Serena<\/strong>, mencion\u00f3 que, \u201ces muy importante que los convenios se materialicen, se pongan en pr\u00e1ctica y aqu\u00ed especialmente porque nuestros estudiantes van a poder ver f\u00edsicamente los lugares donde se desarrollan pericias y todo lo que tiene relaci\u00f3n en este caso con la parte penal o criminal\u201d.<\/p>\n<p>Los estudiantes pertenecen al electivo de criminolog\u00eda del d\u00e9cimo semestre de la carrera de derecho de la ULS, en ese sentido, <strong>Diego R\u00edos estudiante de quinto a\u00f1o, coment\u00f3 respecto a la actividad que<\/strong>, \u201cfue una actividad bastante interesante puesto que esto lo podemos relacionar con varios contenidos que nosotros tenemos en la carrera, no solamente el derecho penal, tambi\u00e9n el derecho de familia\u201d.<\/p>\n","protected":false},"excerpt":{"rendered":"<p>La instancia se realiz\u00f3 en el marco del D\u00eda Internacional de los Derechos Humanos a 76 a\u00f1os de la Declaraci\u00f3n Universal. Con una visita guiada por las dependencias del Servicio M\u00e9dico Legal, j\u00f3venes estudiantes de \u00faltimo a\u00f1o de la carrera de derecho de la Universidad de La Serena, conocieron las<\/p>\n","protected":false},"author":1,"featured_media":4618,"comment_status":"open","ping_status":"open","sticky":false,"template":"","format":"standard","meta":{"footnotes":""},"categories":[7],"tags":[],"class_list":["post-4617","post","type-post","status-publish","format-standard","has-post-thumbnail","hentry","category-serviciospublicos"],"_links":{"self":[{"href":"https:\/\/minutaregional.cl\/index.php?rest_route=\/wp\/v2\/posts\/4617","targetHints":{"allow":["GET"]}}],"collection":[{"href":"https:\/\/minutaregional.cl\/index.php?rest_route=\/wp\/v2\/posts"}],"about":[{"href":"https:\/\/minutaregional.cl\/index.php?rest_route=\/wp\/v2\/types\/post"}],"author":[{"embeddable":true,"href":"https:\/\/minutaregional.cl\/index.php?rest_route=\/wp\/v2\/users\/1"}],"replies":[{"embeddable":true,"href":"https:\/\/minutaregional.cl\/index.php?rest_route=%2Fwp%2Fv2%2Fcomments&post=4617"}],"version-history":[{"count":1,"href":"https:\/\/minutaregional.cl\/index.php?rest_route=\/wp\/v2\/posts\/4617\/revisions"}],"predecessor-version":[{"id":4619,"href":"https:\/\/minutaregional.cl\/index.php?rest_route=\/wp\/v2\/posts\/4617\/revisions\/4619"}],"wp:featuredmedia":[{"embeddable":true,"href":"https:\/\/minutaregional.cl\/index.php?rest_route=\/wp\/v2\/media\/4618"}],"wp:attachment":[{"href":"https:\/\/minutaregional.cl\/index.php?rest_route=%2Fwp%2Fv2%2Fmedia&parent=4617"}],"wp:term":[{"taxonomy":"category","embeddable":true,"href":"https:\/\/minutaregional.cl\/index.php?rest_route=%2Fwp%2Fv2%2Fcategories&post=4617"},{"taxonomy":"post_tag","embeddable":true,"href":"https:\/\/minutaregional.cl\/index.php?rest_route=%2Fwp%2Fv2%2Ftags&post=4617"}],"curies":[{"name":"wp","href":"https:\/\/api.w.org\/{rel}","templated":true}]}}