{"id":4605,"date":"2024-12-06T12:03:27","date_gmt":"2024-12-06T12:03:27","guid":{"rendered":"https:\/\/minutaregional.cl\/?p=4605"},"modified":"2024-12-06T12:03:27","modified_gmt":"2024-12-06T12:03:27","slug":"chile-salda-su-deuda-historica-con-los-profesores-y-profesoras","status":"publish","type":"post","link":"https:\/\/minutaregional.cl\/?p=4605","title":{"rendered":"Chile salda su deuda hist\u00f3rica con los profesores y profesoras"},"content":{"rendered":"<p>Por d\u00e9cadas, las y los profesores de Chile cargaron con una herida abierta: la deuda hist\u00f3rica que afect\u00f3 su calidad de vida y vulner\u00f3 sus derechos durante la dictadura. Hoy, el Gobierno del Presidente Gabriel Boric da un paso decisivo para saldar esta deuda, honrando un compromiso largamente esperado por miles de docentes y sus familias. Este es un acto de justicia, un reconocimiento a quienes han dedicado su vida a formar generaciones de chilenos y chilenas.<\/p>\n<p>La deuda hist\u00f3rica no solo representa un perjuicio econ\u00f3mico, sino tambi\u00e9n moral y pol\u00edtico. Durante la dictadura, el traspaso de la educaci\u00f3n p\u00fablica a las municipalidades desconoci\u00f3 el aumento salarial decretado para los profesores, reduciendo sus ingresos y pensiones. Desde entonces, generaciones de docentes lucharon por el reconocimiento de esta injusticia. Hoy, tras d\u00e9cadas de lucha, esa reparaci\u00f3n comienza a materializarse.<\/p>\n<p>El Gobierno ha presentado una propuesta concreta, viable y, lo m\u00e1s importante, validada democr\u00e1ticamente. M\u00e1s del 82% de los docentes afectados respaldaron esta iniciativa en una votaci\u00f3n organizada por el Colegio de Profesores. Este consenso refuerza el esp\u00edritu de di\u00e1logo y participaci\u00f3n que caracteriza al Gobierno, marcando un hito hist\u00f3rico en la relaci\u00f3n entre el Estado y el gremio docente.<\/p>\n<p>La propuesta contempla un pago \u00fanico de 4,5 millones de pesos reajustables por persona, en dos cuotas, priorizando el pago a los docentes de mayor edad.<\/p>\n<p>El pago ser\u00e1 transmisible a los herederos, en aquellos casos en que los titulares beneficiarios de la reparaci\u00f3n fallezcan durante el periodo de pago que les corresponda. Este mecanismo asegura que ninguna familia quede desprotegida, reconociendo el sacrificio de quienes no alcanzaron a ver esta justicia en vida.<\/p>\n<p>Este avance no es solo una soluci\u00f3n econ\u00f3mica; es un acto de respeto y dignidad hacia los profesores y profesoras de nuestro pa\u00eds. Muchas de ellas, mujeres que durante d\u00e9cadas enfrentaron no solo la precariedad laboral, sino tambi\u00e9n la discriminaci\u00f3n de g\u00e9nero, fueron las m\u00e1s afectadas. Al saldar esta deuda, Chile reconoce el rol fundamental de los docentes en la construcci\u00f3n de nuestra sociedad.<\/p>\n<p>Desde la Regi\u00f3n de Coquimbo, este paso marca un nuevo horizonte para la educaci\u00f3n p\u00fablica. Es tiempo de cerrar heridas, honrar el legado de las y los profesores y construir un sistema educativo que valore y respete su labor. A\u00fan queda mucho por hacer, pero hoy avanzamos con dignidad hacia un pa\u00eds m\u00e1s justo y solidario.<\/p>\n<p>En nombre del Gobierno y de nuestra regi\u00f3n, agradezco profundamente la perseverancia de los docentes que nunca dejaron de luchar. Este acto de justicia no borra las d\u00e9cadas de espera, pero s\u00ed nos acerca a un pa\u00eds que reconoce a quienes lo han construido con esfuerzo y compromiso. Chile salda su deuda hist\u00f3rica con los profesores, y con ello, fortalece su compromiso con la educaci\u00f3n y el futuro.<\/p>\n<p><strong>\u00a0<\/strong><\/p>\n<p><strong>Por Paulina Mora Lara, Seremi de Gobierno de la Regi\u00f3n de Coquimbo<\/strong><\/p>\n","protected":false},"excerpt":{"rendered":"<p>Por d\u00e9cadas, las y los profesores de Chile cargaron con una herida abierta: la deuda hist\u00f3rica que afect\u00f3 su calidad de vida y vulner\u00f3 sus derechos durante la dictadura. Hoy, el Gobierno del Presidente Gabriel Boric da un paso decisivo para saldar esta deuda, honrando un compromiso largamente esperado por<\/p>\n","protected":false},"author":1,"featured_media":4606,"comment_status":"open","ping_status":"open","sticky":false,"template":"","format":"standard","meta":{"footnotes":""},"categories":[24],"tags":[],"class_list":["post-4605","post","type-post","status-publish","format-standard","has-post-thumbnail","hentry","category-seremi-de-gobierno"],"_links":{"self":[{"href":"https:\/\/minutaregional.cl\/index.php?rest_route=\/wp\/v2\/posts\/4605","targetHints":{"allow":["GET"]}}],"collection":[{"href":"https:\/\/minutaregional.cl\/index.php?rest_route=\/wp\/v2\/posts"}],"about":[{"href":"https:\/\/minutaregional.cl\/index.php?rest_route=\/wp\/v2\/types\/post"}],"author":[{"embeddable":true,"href":"https:\/\/minutaregional.cl\/index.php?rest_route=\/wp\/v2\/users\/1"}],"replies":[{"embeddable":true,"href":"https:\/\/minutaregional.cl\/index.php?rest_route=%2Fwp%2Fv2%2Fcomments&post=4605"}],"version-history":[{"count":1,"href":"https:\/\/minutaregional.cl\/index.php?rest_route=\/wp\/v2\/posts\/4605\/revisions"}],"predecessor-version":[{"id":4607,"href":"https:\/\/minutaregional.cl\/index.php?rest_route=\/wp\/v2\/posts\/4605\/revisions\/4607"}],"wp:featuredmedia":[{"embeddable":true,"href":"https:\/\/minutaregional.cl\/index.php?rest_route=\/wp\/v2\/media\/4606"}],"wp:attachment":[{"href":"https:\/\/minutaregional.cl\/index.php?rest_route=%2Fwp%2Fv2%2Fmedia&parent=4605"}],"wp:term":[{"taxonomy":"category","embeddable":true,"href":"https:\/\/minutaregional.cl\/index.php?rest_route=%2Fwp%2Fv2%2Fcategories&post=4605"},{"taxonomy":"post_tag","embeddable":true,"href":"https:\/\/minutaregional.cl\/index.php?rest_route=%2Fwp%2Fv2%2Ftags&post=4605"}],"curies":[{"name":"wp","href":"https:\/\/api.w.org\/{rel}","templated":true}]}}