{"id":4601,"date":"2024-12-05T21:34:22","date_gmt":"2024-12-05T21:34:22","guid":{"rendered":"https:\/\/minutaregional.cl\/?p=4601"},"modified":"2024-12-05T21:34:22","modified_gmt":"2024-12-05T21:34:22","slug":"jovenes-en-proceso-de-reinsercion-cierran-con-exito-taller-de-fomento-lector","status":"publish","type":"post","link":"https:\/\/minutaregional.cl\/?p=4601","title":{"rendered":"J\u00f3venes en proceso de reinserci\u00f3n cierran con \u00e9xito taller de Fomento Lector"},"content":{"rendered":"<p><em>La iniciativa reuni\u00f3 a adolescentes del recinto privativo de libertad, dependiente del Servicio Nacional de Reinserci\u00f3n Social Juvenil de Coquimbo, para celebrar la finalizaci\u00f3n de una nueva etapa de aprendizaje y crecimiento personal. <\/em><\/p>\n<p>Durante ocho semanas, los adolescentes del centro de Internaci\u00f3n Provisora y de R\u00e9gimen Cerrado (IP-IRC) de La Serena participaron de manera activa en el taller de fomento lector. La iniciativa fue ejecutada por el Ministerio de las Culturas, las Artes y el Patrimonio (MINCAP), a trav\u00e9s del programa Plan de la Lectura, en su l\u00ednea de trabajo con centros penitenciarios y recintos privativos de menores de edad.<\/p>\n<p>En la actividad de clausura, ocho j\u00f3venes obtuvieron diplomas en reconocimiento a su participaci\u00f3n y constancia durante el taller. Adem\u00e1s, recibieron una donaci\u00f3n de libros para la biblioteca que funciona al interior del recinto de justicia juvenil, junto a regalos sorpresas para cada uno. Al respecto, Diego, uno de los participantes, se\u00f1al\u00f3 que \u201cel cierre estuvo bonito, el taller fue excelente, la profesora nos ayud\u00f3 harto, nos hizo varias actividades. Nos apoy\u00f3 con la comprensi\u00f3n lectora, y tambi\u00e9n compartimos parte de nuestra vida, fue como combinar esos dos \u00e1mbitos\u201d.<\/p>\n<p>El proyecto con enfoque educativo, cultural y social tuvo como objetivo acercar la lectura a los j\u00f3venes, como una herramienta que les permita mejorar su nivel educativo, desarrollar su creatividad, sensibilidad y juicio reflexivo.<\/p>\n<p>Al respecto, la directora regional del Servicio de Reinserci\u00f3n Social Juvenil de Coquimbo, Loreto Rebolledo, expres\u00f3 que \u00abel fomento lector no solo abre puertas a mundos desconocidos, sino que tambi\u00e9n siembra esperanza y nuevas oportunidades. Con la lectura, tenemos m\u00faltiples formas de desarrollar la imaginaci\u00f3n y el pensamiento cr\u00edtico. Hoy, reafirmamos nuestro compromiso con los j\u00f3venes a trav\u00e9s de este taller de fomento lector y, junto con la donaci\u00f3n de libros que realiza la Seremi de Las Culturas, las Artes y el Patrimonio al centro, se da un paso m\u00e1s hacia la reinserci\u00f3n social y el desarrollo integral. Creemos firmemente que la lectura es una herramienta transformadora y seguiremos trabajando para garantizar que sea un derecho accesible para todos\u00bb<\/p>\n<p>Por su parte, la encargada del Plan de Fomento Lector, Mar\u00eda Cecilia Cort\u00e9s, se\u00f1al\u00f3 que los j\u00f3venes trabajaron aspectos biogr\u00e1ficos e importantes en cuanto a su trayectoria de vida, agregando que \u201cpara nosotros ha sido muy satisfactorio que hayan logrado terminar las actividades y trabajar en conjunto con sus compa\u00f1eros en base a lo que les ofrece la literatura\u201d.<\/p>\n<p>De esta manera, el proceso de reinserci\u00f3n de los adolescentes es motivado por instancias como estas. La seremi de Justicia y Derechos Humanos, Mar\u00eda Jos\u00e9 Rojas, manifest\u00f3 el compromiso del Gobierno, destacando que \u201cse requiere de un trabajo mancomunado de las instituciones y ministerios, cobrando relevancia las alianzas como la que existe entre el MINCAP y el SRJ. Si bien nos encontramos en la clausura del taller, esperamos continuar desarrollando tareas y actividades en pro de lograr el desarrollo integral de estos j\u00f3venes\u201d.<\/p>\n","protected":false},"excerpt":{"rendered":"<p>La iniciativa reuni\u00f3 a adolescentes del recinto privativo de libertad, dependiente del Servicio Nacional de Reinserci\u00f3n Social Juvenil de Coquimbo, para celebrar la finalizaci\u00f3n de una nueva etapa de aprendizaje y crecimiento personal. Durante ocho semanas, los adolescentes del centro de Internaci\u00f3n Provisora y de R\u00e9gimen Cerrado (IP-IRC) de La<\/p>\n","protected":false},"author":1,"featured_media":4602,"comment_status":"open","ping_status":"open","sticky":false,"template":"","format":"standard","meta":{"footnotes":""},"categories":[7],"tags":[],"class_list":["post-4601","post","type-post","status-publish","format-standard","has-post-thumbnail","hentry","category-serviciospublicos"],"_links":{"self":[{"href":"https:\/\/minutaregional.cl\/index.php?rest_route=\/wp\/v2\/posts\/4601","targetHints":{"allow":["GET"]}}],"collection":[{"href":"https:\/\/minutaregional.cl\/index.php?rest_route=\/wp\/v2\/posts"}],"about":[{"href":"https:\/\/minutaregional.cl\/index.php?rest_route=\/wp\/v2\/types\/post"}],"author":[{"embeddable":true,"href":"https:\/\/minutaregional.cl\/index.php?rest_route=\/wp\/v2\/users\/1"}],"replies":[{"embeddable":true,"href":"https:\/\/minutaregional.cl\/index.php?rest_route=%2Fwp%2Fv2%2Fcomments&post=4601"}],"version-history":[{"count":1,"href":"https:\/\/minutaregional.cl\/index.php?rest_route=\/wp\/v2\/posts\/4601\/revisions"}],"predecessor-version":[{"id":4603,"href":"https:\/\/minutaregional.cl\/index.php?rest_route=\/wp\/v2\/posts\/4601\/revisions\/4603"}],"wp:featuredmedia":[{"embeddable":true,"href":"https:\/\/minutaregional.cl\/index.php?rest_route=\/wp\/v2\/media\/4602"}],"wp:attachment":[{"href":"https:\/\/minutaregional.cl\/index.php?rest_route=%2Fwp%2Fv2%2Fmedia&parent=4601"}],"wp:term":[{"taxonomy":"category","embeddable":true,"href":"https:\/\/minutaregional.cl\/index.php?rest_route=%2Fwp%2Fv2%2Fcategories&post=4601"},{"taxonomy":"post_tag","embeddable":true,"href":"https:\/\/minutaregional.cl\/index.php?rest_route=%2Fwp%2Fv2%2Ftags&post=4601"}],"curies":[{"name":"wp","href":"https:\/\/api.w.org\/{rel}","templated":true}]}}