{"id":4598,"date":"2024-11-29T19:06:47","date_gmt":"2024-11-29T19:06:47","guid":{"rendered":"https:\/\/minutaregional.cl\/?p=4598"},"modified":"2024-12-05T19:39:56","modified_gmt":"2024-12-05T19:39:56","slug":"industria-manufacturera-mineria-y-construccion-son-los-sectores-que-mas-aportan-a-la-creacion-de-empleo","status":"publish","type":"post","link":"https:\/\/minutaregional.cl\/?p=4598","title":{"rendered":"Industria Manufacturera, Miner\u00eda y Construcci\u00f3n son los sectores que m\u00e1s aportan a la creaci\u00f3n de empleo"},"content":{"rendered":"<p><strong><em>\u00a0<\/em><\/strong><\/p>\n<ul>\n<li><strong><em>Las personas ocupadas presentaron el s\u00e9ptimo aumento anual consecutivo con un incremento 24.370 nuevos empleos.<\/em><\/strong><\/li>\n<\/ul>\n<p>En un 9,1% se situ\u00f3 la tasa de desocupaci\u00f3n regional en el trimestre agosto-octubre, registrando una disminuci\u00f3n de 1,4 puntos porcentuales en comparaci\u00f3n con el mismo periodo en el a\u00f1o anterior (10,5%).<\/p>\n<p>Seg\u00fan el informe del Instituto Nacional de Estad\u00edsticas (INE) la tasa de desocupaci\u00f3n se explica debido a que el alza de la fuerza de trabajo (5,2%) fue menor a la presentada por las personas ocupadas (6,7%).<\/p>\n<p>En este sentido el Seremi del Trabajo, Francisco Brizuela, explic\u00f3 que \u201cobservamos una disminuci\u00f3n anual en la tasa de desocupaci\u00f3n y con un aumento de m\u00e1s de 24 mil nuevos ocupados, nos queda el desaf\u00edo de abordar la coyuntura del mes que se manifiesta en un aumento de la tasa, lo que nos pone en alerta para continuar trabajando en propiciar condiciones adecuadas para el incentivo de la inversi\u00f3n y generaci\u00f3n de empleo local\u201d.<\/p>\n<p>\u201cEn este periodo vemos que sectores como la industria manufacturera, miner\u00eda y construcci\u00f3n est\u00e1n aportando a la creaci\u00f3n de puestos de trabajo y tenemos una perspectiva positiva de lo que se avecina prepar\u00e1ndonos para la temporada estival con acciones concretas para que otras actividades econ\u00f3micas como el Comercio y la industria de Alojamientos y Servicios, puedan repuntar en la ocupaci\u00f3n regional\u201d, enfatiz\u00f3 Francisco Brizuela.<\/p>\n<p>En el periodo de medici\u00f3n las personas ocupadas presentaron el s\u00e9ptimo aumento consecutivo con un incremento de un 6,7% (24.370 personas m\u00e1s) totalizando 386.110 personas. Mientras que las personas desocupadas descendieron 8,1% (3.430 personas menos), alcanzando 38.870 persona, siendo \u00e9sta la octava disminuci\u00f3n consecutiva.<\/p>\n<p>De mayor a menor tasa de desocupaci\u00f3n, las regiones de La Araucan\u00eda (10,4%), \u00d1uble (10,1%), y O\u00b4Higgins (9,3%) consignaron los primeros lugares. Coquimbo (9,1%) ocup\u00f3 el quinto lugar. En tanto, las menores tasas fueron registradas por las regiones de Ays\u00e9n (4,6%) y Magallanes (4,7%).<\/p>\n<p><strong>\u00a0<\/strong><\/p>\n","protected":false},"excerpt":{"rendered":"<p>\u00a0 Las personas ocupadas presentaron el s\u00e9ptimo aumento anual consecutivo con un incremento 24.370 nuevos empleos. En un 9,1% se situ\u00f3 la tasa de desocupaci\u00f3n regional en el trimestre agosto-octubre, registrando una disminuci\u00f3n de 1,4 puntos porcentuales en comparaci\u00f3n con el mismo periodo en el a\u00f1o anterior (10,5%). Seg\u00fan el<\/p>\n","protected":false},"author":1,"featured_media":4600,"comment_status":"open","ping_status":"open","sticky":false,"template":"","format":"standard","meta":{"footnotes":""},"categories":[1],"tags":[],"class_list":["post-4598","post","type-post","status-publish","format-standard","has-post-thumbnail","hentry","category-noticias-regionales"],"_links":{"self":[{"href":"https:\/\/minutaregional.cl\/index.php?rest_route=\/wp\/v2\/posts\/4598","targetHints":{"allow":["GET"]}}],"collection":[{"href":"https:\/\/minutaregional.cl\/index.php?rest_route=\/wp\/v2\/posts"}],"about":[{"href":"https:\/\/minutaregional.cl\/index.php?rest_route=\/wp\/v2\/types\/post"}],"author":[{"embeddable":true,"href":"https:\/\/minutaregional.cl\/index.php?rest_route=\/wp\/v2\/users\/1"}],"replies":[{"embeddable":true,"href":"https:\/\/minutaregional.cl\/index.php?rest_route=%2Fwp%2Fv2%2Fcomments&post=4598"}],"version-history":[{"count":1,"href":"https:\/\/minutaregional.cl\/index.php?rest_route=\/wp\/v2\/posts\/4598\/revisions"}],"predecessor-version":[{"id":4599,"href":"https:\/\/minutaregional.cl\/index.php?rest_route=\/wp\/v2\/posts\/4598\/revisions\/4599"}],"wp:featuredmedia":[{"embeddable":true,"href":"https:\/\/minutaregional.cl\/index.php?rest_route=\/wp\/v2\/media\/4600"}],"wp:attachment":[{"href":"https:\/\/minutaregional.cl\/index.php?rest_route=%2Fwp%2Fv2%2Fmedia&parent=4598"}],"wp:term":[{"taxonomy":"category","embeddable":true,"href":"https:\/\/minutaregional.cl\/index.php?rest_route=%2Fwp%2Fv2%2Fcategories&post=4598"},{"taxonomy":"post_tag","embeddable":true,"href":"https:\/\/minutaregional.cl\/index.php?rest_route=%2Fwp%2Fv2%2Ftags&post=4598"}],"curies":[{"name":"wp","href":"https:\/\/api.w.org\/{rel}","templated":true}]}}