{"id":4592,"date":"2024-12-04T18:18:59","date_gmt":"2024-12-04T18:18:59","guid":{"rendered":"https:\/\/minutaregional.cl\/?p=4592"},"modified":"2024-12-04T18:18:59","modified_gmt":"2024-12-04T18:18:59","slug":"profesionales-de-otras-regiones-visitan-la-zona-para-aprender-sobre-nueva-modalidad-de-atencion-en-salud-primaria","status":"publish","type":"post","link":"https:\/\/minutaregional.cl\/?p=4592","title":{"rendered":"Profesionales de otras regiones visitan la zona para aprender sobre nueva modalidad de atenci\u00f3n en Salud Primaria"},"content":{"rendered":"<ul>\n<li><strong><em>A finales del 2021, comenz\u00f3 de manera progresiva la implementaci\u00f3n de una nueva estrategia de atenci\u00f3n integral y hasta la fecha ya se han sumado 43 equipos de salud en todo el territorio. <\/em><\/strong><\/li>\n<\/ul>\n<p>Hasta la Regi\u00f3n de Coquimbo llegaron profesionales de distintos Servicios de Salud del pa\u00eds, para participar en una jornada orientada en conocer c\u00f3mo ha sido la implementaci\u00f3n de la Estrategia de Cuidado Integral Centrada en las Personas<em> (<\/em>ECICEP) en los Centros de Salud Familiar. Una enriquecedora instancia en la que pudieron intercambiar experiencias y conocer en terreno la gesti\u00f3n e instauraci\u00f3n de esta estrategia.<\/p>\n<p>Esteban Ferrada, psic\u00f3logo del programa MAIS y de ECICEP de la Direcci\u00f3n de Salud de Maip\u00fa, valor\u00f3 esta pasant\u00eda al poder conocer las realidades que existen en las distintas regiones. \u201cHa sido una experiencia s\u00faper gratificante el poder conocer a los equipos locales de los CESFAM de La Serena y Coquimbo, adem\u00e1s de contrastar las distintas formas que tienen de trabajo y, evidentemente, nosotros poder reconocer las pr\u00e1cticas de trabajo que tienen, que podr\u00edamos incorporar en nuestra comuna y establecimientos, para seguir apuntando siempre a la mejora continua\u201d.<\/p>\n<p>Asimismo, Paola Espinoza, enfermera del departamento del Servicio de Salud Osorno, apreci\u00f3 la realizaci\u00f3n de las jornadas y remarc\u00f3 la retroalimentaci\u00f3n entre los asistentes. \u201cEs una experiencia muy enriquecedora, reci\u00e9n est\u00e1bamos viendo una presentaci\u00f3n de la enfermera, qui\u00e9n ha desarrollado e implementado este rol y ha otorgado darle continuidad de los cuidados a todos los usuarios que consultan en el hospital y que son derivados de Atenci\u00f3n Primaria de Salud (APS)\u201d.<\/p>\n<p>Por otro lado, Ver\u00f3nica Hitschfeld, jefa del Subdepartamento de Modelo y Territorio del Servicio de Salud Coquimbo, coment\u00f3 la relevancia de esta iniciativa en el pa\u00eds. \u201cEstas pasant\u00edas son algo que reci\u00e9n este a\u00f1o se implement\u00f3 a nivel nacional. Se hizo a trav\u00e9s de un concurso, y el Ministerio de Salud nos eligi\u00f3 como uno de los Servicios de Salud para recibir pasantes\u201d. En esa misma l\u00ednea, agreg\u00f3 que, desde el MINSAL, \u201cuna de las cosas que tambi\u00e9n se nos ha destacado es haber hecho la sistematizaci\u00f3n de la implementaci\u00f3n en las postas de salud rural y sus equipos\u201d.<\/p>\n<p>Ernesto Jorquera, director del Servicio de Salud Coquimbo, se\u00f1al\u00f3 que \u201ces muy bueno para nosotros como Red Asistencial, que el Ministerio nos haya seleccionado dentro de los seis servicios que han ido desarrollando y llevan de una u otra manera bastante avanzada esta Estrategia de Cuidado Integral Centrada en las Personas\u201d.<\/p>\n<p>En relaci\u00f3n al trabajo realizado a nivel regional, el director resalt\u00f3 el programa y el conocimiento de los pasantes. \u201cNosotros llevamos aproximadamente cerca de un 70% de los establecimientos que se han ido integrando a esta forma de mirar el trabajo, y que venga gente de otros servicios, tanto del Metropolitano como de Valpara\u00edso, y de otras regiones, a mirar lo que estamos haciendo y a aprender de nosotros, es satisfactorio\u201d.<\/p>\n<p>Cabe destacar que antes de ECICEP, los usuarios con enfermedades cr\u00f3nicas, que se atend\u00edan en los diferentes establecimientos de salud, por diferentes patolog\u00edas, deb\u00edan asistir varias veces y recibir distintas recetas. Esta nueva modalidad busca generar un trabajo mancomunado y coordinado en el estudio de cada caso, para que junto al usuario se defina un plan consensuado de intervenci\u00f3n, adecuado a sus necesidades, considerando no solo su enfermedad, sino que tambi\u00e9n su condici\u00f3n individual, contexto familiar y comunitario, para evitar que acudan en reiteradas ocasiones al establecimiento.<\/p>\n","protected":false},"excerpt":{"rendered":"<p>A finales del 2021, comenz\u00f3 de manera progresiva la implementaci\u00f3n de una nueva estrategia de atenci\u00f3n integral y hasta la fecha ya se han sumado 43 equipos de salud en todo el territorio. Hasta la Regi\u00f3n de Coquimbo llegaron profesionales de distintos Servicios de Salud del pa\u00eds, para participar en<\/p>\n","protected":false},"author":1,"featured_media":4593,"comment_status":"open","ping_status":"open","sticky":false,"template":"","format":"standard","meta":{"footnotes":""},"categories":[7],"tags":[],"class_list":["post-4592","post","type-post","status-publish","format-standard","has-post-thumbnail","hentry","category-serviciospublicos"],"_links":{"self":[{"href":"https:\/\/minutaregional.cl\/index.php?rest_route=\/wp\/v2\/posts\/4592","targetHints":{"allow":["GET"]}}],"collection":[{"href":"https:\/\/minutaregional.cl\/index.php?rest_route=\/wp\/v2\/posts"}],"about":[{"href":"https:\/\/minutaregional.cl\/index.php?rest_route=\/wp\/v2\/types\/post"}],"author":[{"embeddable":true,"href":"https:\/\/minutaregional.cl\/index.php?rest_route=\/wp\/v2\/users\/1"}],"replies":[{"embeddable":true,"href":"https:\/\/minutaregional.cl\/index.php?rest_route=%2Fwp%2Fv2%2Fcomments&post=4592"}],"version-history":[{"count":1,"href":"https:\/\/minutaregional.cl\/index.php?rest_route=\/wp\/v2\/posts\/4592\/revisions"}],"predecessor-version":[{"id":4594,"href":"https:\/\/minutaregional.cl\/index.php?rest_route=\/wp\/v2\/posts\/4592\/revisions\/4594"}],"wp:featuredmedia":[{"embeddable":true,"href":"https:\/\/minutaregional.cl\/index.php?rest_route=\/wp\/v2\/media\/4593"}],"wp:attachment":[{"href":"https:\/\/minutaregional.cl\/index.php?rest_route=%2Fwp%2Fv2%2Fmedia&parent=4592"}],"wp:term":[{"taxonomy":"category","embeddable":true,"href":"https:\/\/minutaregional.cl\/index.php?rest_route=%2Fwp%2Fv2%2Fcategories&post=4592"},{"taxonomy":"post_tag","embeddable":true,"href":"https:\/\/minutaregional.cl\/index.php?rest_route=%2Fwp%2Fv2%2Ftags&post=4592"}],"curies":[{"name":"wp","href":"https:\/\/api.w.org\/{rel}","templated":true}]}}