{"id":4586,"date":"2024-12-04T15:49:56","date_gmt":"2024-12-04T15:49:56","guid":{"rendered":"https:\/\/minutaregional.cl\/?p=4586"},"modified":"2024-12-04T15:49:56","modified_gmt":"2024-12-04T15:49:56","slug":"integrantes-de-la-agrupacion-de-familiares-de-detenidos-desaparecidos-de-la-region-de-coquimbo-se-capacita-en-alfabetizacion-digital","status":"publish","type":"post","link":"https:\/\/minutaregional.cl\/?p=4586","title":{"rendered":"Integrantes de la Agrupaci\u00f3n de Familiares de Detenidos Desaparecidos de la regi\u00f3n de Coquimbo se capacita en alfabetizaci\u00f3n digital"},"content":{"rendered":"<p><em>La iniciativa se gestion\u00f3 a trav\u00e9s del programa de Derechos Humanos de la Seremi de Justicia y cont\u00f3 con el apoyo de la Universidad Central sede Coquimbo.<\/em><\/p>\n<p>Cerca de 15 integrantes de la Agrupaci\u00f3n de Familiares de Detenidos Desaparecidos de la Regi\u00f3n de Coquimbo participaron en un programa de alfabetizaci\u00f3n digital, donde aprendieron sobre el uso de dispositivos m\u00f3viles (smartphones), conceptos b\u00e1sicos de internet, creaci\u00f3n de cuentas de correo electr\u00f3nico personal, herramientas de Office y seguridad inform\u00e1tica.<\/p>\n<p>&nbsp;<\/p>\n<p>El taller, que se desarroll\u00f3 a lo largo de 16 sesiones, tuvo como objetivo fortalecer las competencias digitales de los participantes, permiti\u00e9ndoles acceder de manera m\u00e1s efectiva a la informaci\u00f3n y a las plataformas digitales necesarias en su vida cotidiana.<\/p>\n<p>&nbsp;<\/p>\n<p>Esta iniciativa fue posible gracias a la colaboraci\u00f3n entre el Programa de Derechos Humanos de la Seremi de Justicia y Derechos Humanos y la Universidad Central, sede Coquimbo, a trav\u00e9s de la carrera de Ingenier\u00eda Civil en Computaci\u00f3n e Inform\u00e1tica.<\/p>\n<p>&nbsp;<\/p>\n<p><strong>Mar\u00eda Jos\u00e9 Rojas Erbetta, seremi de Justicia y Derechos Humanos <\/strong>se\u00f1al\u00f3 la importancia de generar este tipo de vinculaci\u00f3n con entre el acad\u00e9mico y la comunidad, \u201ca trav\u00e9s de esta capacitaci\u00f3n, los familiares de detenidos desaparecidos de la Regi\u00f3n de Coquimbo no solo adquirieron herramientas pr\u00e1cticas para desenvolverse en el mundo digital, sino que tambi\u00e9n fortalecieron su acceso a la informaci\u00f3n y su capacidad de participaci\u00f3n ciudadana. Como Gobierno, nuestro compromiso es seguir trabajando en estas l\u00edneas para cerrar brechas y garantizar que nadie quede atr\u00e1s en este proceso de transformaci\u00f3n digital, por lo que agradecemos a la universidad esta oportunidad de promover la inclusi\u00f3n digital\u201d.<\/p>\n<p>&nbsp;<\/p>\n<p><strong>Ana Merino, presidenta de la agrupaci\u00f3n de familiares de detenidos desaparecidos de la regi\u00f3n de Coquimbo<\/strong>, coment\u00f3 al respecto que, \u201cestamos s\u00faper contentas porque hemos avanzado bastante con el curso. Hemos tenido conocimiento, por ejemplo, con el computador y ahora con el celular y ha sido maravillosamente bueno y enriquecedor para nosotros tambi\u00e9n\u201d.<\/p>\n<p>&nbsp;<\/p>\n<p><strong>Patricio Rojas, profesor de la carrera Ingenier\u00eda Civil en Computaci\u00f3n e Inform\u00e1tica, enfatiz\u00f3 que, <\/strong>\u201cpudimos atender a un grupo de personas de tercera edad que en realidad les interesa estar al d\u00eda con las tecnolog\u00edas y no alejarse tanto de la juventud o del lenguaje que se utiliza hoy en d\u00eda\u2026 los estudiantes que ya cursaron la asignatura, manifestaron que esto les hab\u00eda beneficiado enormemente, que les permite ver otra realidad que para ellos era muy lejana y, por otro lado, mi mirada como profesor es de que, efectivamente les tributa a ellos en su desarrollo personal. No debemos olvidar que el estudio no es solamente aprender una asignatura en particular, sino es formarse tambi\u00e9n como ser humano y ser \u00fatil a la sociedad\u201d.<\/p>\n<p>Los alumnos de segundo a\u00f1o de la carrera fueron los encargados de preparar, exponer y ense\u00f1ar durante el desarrollo del curso de Alfabetizaci\u00f3n Digital, apoyados por el profesor gu\u00eda de la asignatura, en esa l\u00ednea, <strong>Cristian Vega, estudiante de Ingenier\u00eda Civil en Computaci\u00f3n e Inform\u00e1tica de la Universidad Central indic\u00f3 que<\/strong>, \u201cinteractuar con esta comunidad fue como abrir una puerta, porque si bien nos ense\u00f1an en el colegio, en las clases de historia, sobre lo que pas\u00f3 en la dictadura de Pinochet, estas personas lo vivieron, entonces verlo y que nos cuenten ah\u00ed de primera mano, al menos yo, gener\u00e9 mucha empat\u00eda&#8230; ense\u00f1arle a personas es toda una experiencia y es s\u00faper enriquecedor\u201d.<\/p>\n<p>Cabe destacar que la instituci\u00f3n educativa se encuentra disponible para colaborar con la comunidad en la realizaci\u00f3n de nuevos cursos. Las personas interesadas pueden comunicarse con la casa central o enviar un correo electr\u00f3nico al docente encargado, Patricio Rojas, a la direcci\u00f3n <a href=\"mailto:patricio.rojas@ucentral.cl\"><strong>patricio.rojas@ucentral.cl<\/strong><\/a><\/p>\n","protected":false},"excerpt":{"rendered":"<p>La iniciativa se gestion\u00f3 a trav\u00e9s del programa de Derechos Humanos de la Seremi de Justicia y cont\u00f3 con el apoyo de la Universidad Central sede Coquimbo. Cerca de 15 integrantes de la Agrupaci\u00f3n de Familiares de Detenidos Desaparecidos de la Regi\u00f3n de Coquimbo participaron en un programa de alfabetizaci\u00f3n<\/p>\n","protected":false},"author":1,"featured_media":4587,"comment_status":"open","ping_status":"open","sticky":false,"template":"","format":"standard","meta":{"footnotes":""},"categories":[7],"tags":[],"class_list":["post-4586","post","type-post","status-publish","format-standard","has-post-thumbnail","hentry","category-serviciospublicos"],"_links":{"self":[{"href":"https:\/\/minutaregional.cl\/index.php?rest_route=\/wp\/v2\/posts\/4586","targetHints":{"allow":["GET"]}}],"collection":[{"href":"https:\/\/minutaregional.cl\/index.php?rest_route=\/wp\/v2\/posts"}],"about":[{"href":"https:\/\/minutaregional.cl\/index.php?rest_route=\/wp\/v2\/types\/post"}],"author":[{"embeddable":true,"href":"https:\/\/minutaregional.cl\/index.php?rest_route=\/wp\/v2\/users\/1"}],"replies":[{"embeddable":true,"href":"https:\/\/minutaregional.cl\/index.php?rest_route=%2Fwp%2Fv2%2Fcomments&post=4586"}],"version-history":[{"count":1,"href":"https:\/\/minutaregional.cl\/index.php?rest_route=\/wp\/v2\/posts\/4586\/revisions"}],"predecessor-version":[{"id":4588,"href":"https:\/\/minutaregional.cl\/index.php?rest_route=\/wp\/v2\/posts\/4586\/revisions\/4588"}],"wp:featuredmedia":[{"embeddable":true,"href":"https:\/\/minutaregional.cl\/index.php?rest_route=\/wp\/v2\/media\/4587"}],"wp:attachment":[{"href":"https:\/\/minutaregional.cl\/index.php?rest_route=%2Fwp%2Fv2%2Fmedia&parent=4586"}],"wp:term":[{"taxonomy":"category","embeddable":true,"href":"https:\/\/minutaregional.cl\/index.php?rest_route=%2Fwp%2Fv2%2Fcategories&post=4586"},{"taxonomy":"post_tag","embeddable":true,"href":"https:\/\/minutaregional.cl\/index.php?rest_route=%2Fwp%2Fv2%2Ftags&post=4586"}],"curies":[{"name":"wp","href":"https:\/\/api.w.org\/{rel}","templated":true}]}}