{"id":4568,"date":"2024-12-02T21:12:12","date_gmt":"2024-12-02T21:12:12","guid":{"rendered":"https:\/\/minutaregional.cl\/?p=4568"},"modified":"2024-12-02T21:12:12","modified_gmt":"2024-12-02T21:12:12","slug":"aumentan-los-diagnosticos-de-vih-en-jovenes-de-25-a-29-en-la-region-de-coquimbo","status":"publish","type":"post","link":"https:\/\/minutaregional.cl\/?p=4568","title":{"rendered":"Aumentan los diagn\u00f3sticos de VIH en j\u00f3venes de 25 a 29 en la Regi\u00f3n de Coquimbo"},"content":{"rendered":"<ul>\n<li><strong><em>La conmemoraci\u00f3n del D\u00eda Mundial del SIDA de este a\u00f1o, cobra especial relevancia al haberse cumplido 40 a\u00f1os de los primeros diagn\u00f3sticos de VIH en nuestro pa\u00eds y 34 de reportarse el primer caso en nuestra regi\u00f3n.<\/em><\/strong><\/li>\n<\/ul>\n<p>La Regi\u00f3n de Coquimbo enfrenta una creciente preocupaci\u00f3n de salud: los j\u00f3venes de 25 a 29 a\u00f1os registran la tasa m\u00e1s alta de casos de VIH\/SIDA que todos los dem\u00e1s grupos etarios, seg\u00fan el Ministerio de Salud. Por ello, en el marco del D\u00eda Mundial del SIDA, se busca redoblar los esfuerzos en prevenci\u00f3n, diagn\u00f3stico y tratamiento de esta enfermedad.<\/p>\n<p>En este contexto, para reforzar la pesquisa del VIH\/SIDA, se realiz\u00f3 un operativo gratuito de test r\u00e1pido del Virus de Inmunodeficiencia Humana, con un enfoque comunitario en La Plaza de Armas de La Serena.<\/p>\n<p>La actividad, cont\u00f3 con la participaci\u00f3n de agrupaciones de la sociedad civil que trabajan activamente en la prevenci\u00f3n del VIH\/SIDA, quienes estuvieron educando y entregando el mensaje preventivo a la comunidad.\u00a0 \u201cEl mensaje a los j\u00f3venes es claro: usar todos los m\u00e9todos de protecci\u00f3n disponibles. Esto incluye preservativos de barrera, tanto externos como internos, y m\u00e9todos profil\u00e1cticos como el PrEP (profilaxis preexposici\u00f3n) y el PEP (profilaxis posexposici\u00f3n), los cuales permiten prevenir el VIH y adoptar medidas necesarias de autocuidado para evitar cualquier infecci\u00f3n de transmisi\u00f3n sexual (ITS) en general\u201d, afirm\u00f3 Greidys Chac\u00f3n, representante de la fundaci\u00f3n Chile Positivo.<\/p>\n<p>Al respecto, el Director del Servicio de Salud Coquimbo, Ernesto Jorquera, destac\u00f3 la importancia del diagn\u00f3stico de la enfermedad. \u201cNos hemos propuesto objetivos bien fuertes, lo que se llama, por ejemplo, la cascada, y tiene que ver con que los portadores de VIH, el 95% de ellos sepa que lo tienen, es decir, que sean diagnosticados y que de ese grupo el 95% est\u00e9 con tratamiento y de esos, el 95% sea indetectable el virus. Por tanto, es un trabajo y esfuerzo que tenemos que realizar colectivamente. Nosotros en la l\u00f3gica de tratamiento, estamos bastante bien, estamos cerca del 97%, no obstante, todav\u00eda nos falta llegar al 954 de detecci\u00f3n, por tanto, ah\u00ed hay un trabajo fuerte que hacer\u201d, indic\u00f3.<\/p>\n<p>En tanto, el Seremi de Salud, Alexis Valenzuela, se\u00f1al\u00f3 que \u201choy en d\u00eda, el grupo que m\u00e1s ha crecido es el de j\u00f3venes de entre 25 y 29 a\u00f1os, principalmente hombres que tienen sexo con otros hombres. Adem\u00e1s, ha aumentado el n\u00famero de casos entre mujeres con pareja estable, lo que demuestra que tener una pareja \u00fanica y fiel, no siempre protege. Lo que realmente funciona es usar preservativo\u201d, indic\u00f3 la Autoridad Sanitaria.<\/p>\n<p>En la Regi\u00f3n de Coquimbo, de acuerdo a la vigilancia epidemiol\u00f3gica, la principal v\u00eda de transmisi\u00f3n es la sexual, representando un 99% en los \u00faltimos 5 a\u00f1os. Adem\u00e1s, la pr\u00e1ctica de riesgo m\u00e1s importante declarada, son las relaciones sexuales entre hombres que concentra el 65% de los casos.<\/p>\n<p><strong>Cobertura preventiva y tratamiento en el sistema p\u00fablico regional:<\/strong><\/p>\n<p>Hoy, gracias al trabajo continuo en la promoci\u00f3n de pr\u00e1cticas sexo seguro y fomento de la prevenci\u00f3n del VIH\/SIDA y de otras Infecciones de Transmisi\u00f3n Sexual, la Red P\u00fablica de Salud cuenta con un sistema que busca facilitar el acceso oportuno al diagn\u00f3stico, espec\u00edficamente mediante la estrategia de test visual r\u00e1pido para VIH ya consolidada y que por segundo a\u00f1o consecutivo, se alza como la m\u00e1s practicada a nivel nacional.<\/p>\n<p>Sumado a lo anterior, en la regi\u00f3n existen 2 Centros de Atenci\u00f3n Integral (CAI) para personas viviendo con VIH en los Hospitales de La Serena y Coquimbo, en donde los usuarios una vez confirmados, pueden ingresar de manera expedita y ser vinculados de manera oportuna para ser evaluados por los equipos, y recibir la terapia correspondiente que les permita mejorar su calidad de vida. Se espera que el corto plazo se sume el Hospital Provincial de Ovalle.<\/p>\n","protected":false},"excerpt":{"rendered":"<p>La conmemoraci\u00f3n del D\u00eda Mundial del SIDA de este a\u00f1o, cobra especial relevancia al haberse cumplido 40 a\u00f1os de los primeros diagn\u00f3sticos de VIH en nuestro pa\u00eds y 34 de reportarse el primer caso en nuestra regi\u00f3n. La Regi\u00f3n de Coquimbo enfrenta una creciente preocupaci\u00f3n de salud: los j\u00f3venes de<\/p>\n","protected":false},"author":1,"featured_media":4569,"comment_status":"open","ping_status":"open","sticky":false,"template":"","format":"standard","meta":{"footnotes":""},"categories":[51],"tags":[],"class_list":["post-4568","post","type-post","status-publish","format-standard","has-post-thumbnail","hentry","category-seremisalud_coquimbo"],"_links":{"self":[{"href":"https:\/\/minutaregional.cl\/index.php?rest_route=\/wp\/v2\/posts\/4568","targetHints":{"allow":["GET"]}}],"collection":[{"href":"https:\/\/minutaregional.cl\/index.php?rest_route=\/wp\/v2\/posts"}],"about":[{"href":"https:\/\/minutaregional.cl\/index.php?rest_route=\/wp\/v2\/types\/post"}],"author":[{"embeddable":true,"href":"https:\/\/minutaregional.cl\/index.php?rest_route=\/wp\/v2\/users\/1"}],"replies":[{"embeddable":true,"href":"https:\/\/minutaregional.cl\/index.php?rest_route=%2Fwp%2Fv2%2Fcomments&post=4568"}],"version-history":[{"count":1,"href":"https:\/\/minutaregional.cl\/index.php?rest_route=\/wp\/v2\/posts\/4568\/revisions"}],"predecessor-version":[{"id":4570,"href":"https:\/\/minutaregional.cl\/index.php?rest_route=\/wp\/v2\/posts\/4568\/revisions\/4570"}],"wp:featuredmedia":[{"embeddable":true,"href":"https:\/\/minutaregional.cl\/index.php?rest_route=\/wp\/v2\/media\/4569"}],"wp:attachment":[{"href":"https:\/\/minutaregional.cl\/index.php?rest_route=%2Fwp%2Fv2%2Fmedia&parent=4568"}],"wp:term":[{"taxonomy":"category","embeddable":true,"href":"https:\/\/minutaregional.cl\/index.php?rest_route=%2Fwp%2Fv2%2Fcategories&post=4568"},{"taxonomy":"post_tag","embeddable":true,"href":"https:\/\/minutaregional.cl\/index.php?rest_route=%2Fwp%2Fv2%2Ftags&post=4568"}],"curies":[{"name":"wp","href":"https:\/\/api.w.org\/{rel}","templated":true}]}}