{"id":4556,"date":"2024-12-02T18:14:16","date_gmt":"2024-12-02T18:14:16","guid":{"rendered":"https:\/\/minutaregional.cl\/?p=4556"},"modified":"2024-12-02T18:14:16","modified_gmt":"2024-12-02T18:14:16","slug":"llaman-a-revertir-indicacion-de-proyecto-de-ley-que-permite-rebaja-de-tarifas-en-servicios-sanitarios-y-pymes","status":"publish","type":"post","link":"https:\/\/minutaregional.cl\/?p=4556","title":{"rendered":"Llaman a revertir indicaci\u00f3n de proyecto de ley que permite rebaja de tarifas en Servicios Sanitarios y Pymes"},"content":{"rendered":"<ul>\n<li><strong><em>Representantes de los SSRs y de empresas manifestaron su preocupaci\u00f3n por considerar que deber\u00e1n traspasar el alza de las cuentas de la luz a los usuarios.<\/em><\/strong><\/li>\n<\/ul>\n<p>Los Servicios Sanitarios Rurales (SSR) y representantes de Pymes de la Regi\u00f3n de Coquimbo manifestaron su preocupaci\u00f3n ante el rechazo de la indicaci\u00f3n en el proyecto de ley del subsidio el\u00e9ctrico que les permite acceder a precios preferentes para la utilizaci\u00f3n de energ\u00edas renovables en sus procesos, espec\u00edficamente solar.<\/p>\n<p>La medida, conocida como \u201cBolsa Pyme y SSR \u2013 Precio Preferente\u201d, tiene como objetivo que estos segmentos accedieran hasta 500 GWh anuales de energ\u00eda a un precio preferente hasta 2034, habilitando a los Peque\u00f1os Medios de Generaci\u00f3n Distribuida (PMGD) para que comercialicen con las distribuidoras, y traspasen el precio estabilizado a Pymes y Servicios Sanitarios Rurales (SSRs). El esquema, dise\u00f1ado en conjunto con parlamentarios de distintas bancadas, habr\u00eda beneficiado a miles de empresas de la Regi\u00f3n de Coquimbo y a 163 mil usuarias y usuarios de APRs.<\/p>\n<p>A trav\u00e9s de este mecanismo el objetivo es permitir una disminuci\u00f3n de entre un 25% a 30% en la cuenta final de SSRs y pymes beneficiadas. Sin embargo, el pasado fecha 27 de noviembre, la Comisi\u00f3n de Miner\u00eda y Energ\u00eda de la C\u00e1mara de Diputados rechaz\u00f3 la propuesta, sin perjuicio de que el Ejecutivo inform\u00f3 que repondr\u00e1 el mecanismo en la Comisi\u00f3n de Hacienda de la C\u00e1mara Baja.<\/p>\n<p>Al t\u00e9rmino de una reuni\u00f3n con representantes de pymes y servicios sanitarios en la Delegaci\u00f3n Presidencial, el seremi de Energ\u00eda, Eduardo Lara, manifest\u00f3 que \u201clos gremios se han enterado del rechazo de la indicaci\u00f3n en el proyecto, \u201clo que es alarmante porque al final el subsidio el\u00e9ctrico tendr\u00e1 cero efecto, debido a que est\u00e1 aumentando el pago que realizan por el consumo de agua potable, dado que los SSR est\u00e1n transfiriendo el valor del aumento de la energ\u00eda a los usuarios de los servicios sanitarios. Hemos transparentado toda la informaci\u00f3n y la posibilidad de reponer este proyecto porque es una propuesta del Gobierno del Presidente Gabriel Boric para beneficiar a las personas de menores ingresos, pero esta iniciativa no ha recibido el apoyo de los parlamentarios de la comisi\u00f3n, b\u00e1sicamente de derecha, y que est\u00e1n jugando en contra de las familias, porque finalmente son las personas m\u00e1s vulnerables las m\u00e1s impactadas con esta alza de tarifas\u201d.<\/p>\n<p>La vicepresidenta de la asociaci\u00f3n gremial de Servicios Sanitarios Rurales de la provincia de Elqui, Teresa Reyes, subray\u00f3 que \u201cesto es impresentable, sobre todo que un diputado de la Regi\u00f3n haya votado en contra. La disminuci\u00f3n en el precio de la luz va en beneficio de todos los habitantes del mundo rural; los sistemas sanitarios entregamos agua para la vida de todos los habitantes, entonces por un lado sube el precio de la luz a las viviendas y tambi\u00e9n en los SSR que les cobramos a nuestros socios que est\u00e1n en la ruralidad\u201d.<\/p>\n<p>Elena Varela, presidenta de Comit\u00e9 de Agua Potable Rural El Sauce, agreg\u00f3 que \u201cnosotros nos abastecemos con energ\u00eda el\u00e9ctrica para operar nuestro APR y necesitamos ese 30 por ciento que se estaba legislando; esperamos que se pueda concretar porque es demasiado alto el costo\u2026 Y esperamos que el diputado Marco Sulantay nos d\u00e9 una explicaci\u00f3n pronto\u201d.<\/p>\n<p>El presidente de la Asociaci\u00f3n de Industriales de Coquimbo, Asoinco, Arturo Castillo, expuso que \u201cestamos pasando una crisis econ\u00f3mica, al entender que estamos creciendo a un PIB muy bajo, y el aumento de la potencia el\u00e9ctrica en tiempos de invierno encarece mucho la producci\u00f3n de la energ\u00eda. Es importante convocar al Poder Legislativo para volver a poner estos temas en la mesa y llegar a un acuerdo. A los parlamentarios les pido que entiendan nuestras problem\u00e1ticas y dolores porque la energ\u00eda el\u00e9ctrica se encarece cada vez m\u00e1s y es un compromiso que tenemos que solucionar entre todos\u201d.<\/p>\n<p>Jos\u00e9 Riquelme, en representaci\u00f3n de la Asociaci\u00f3n Gremial Profesionales de la Belleza, indic\u00f3 que \u201c(el proyecto) es la \u00fanica medida que tiene el gobierno de apoyar a la clase media y a las peque\u00f1as empresas, para que la energ\u00eda no nos cueste tanto, porque estamos en la casa con un costo alt\u00edsimo, y en nuestros salones se gasta harta energ\u00eda tambi\u00e9n. Entonces estamos perjudicados de todas maneras. En este momento est\u00e1 tan dif\u00edcil la situaci\u00f3n pa\u00eds que a nosotros nos cuesta cargarle la mano al cliente porque hay mucha competencia\u201d.<\/p>\n<p>&nbsp;<\/p>\n","protected":false},"excerpt":{"rendered":"<p>Representantes de los SSRs y de empresas manifestaron su preocupaci\u00f3n por considerar que deber\u00e1n traspasar el alza de las cuentas de la luz a los usuarios. Los Servicios Sanitarios Rurales (SSR) y representantes de Pymes de la Regi\u00f3n de Coquimbo manifestaron su preocupaci\u00f3n ante el rechazo de la indicaci\u00f3n en<\/p>\n","protected":false},"author":1,"featured_media":4557,"comment_status":"open","ping_status":"open","sticky":false,"template":"","format":"standard","meta":{"footnotes":""},"categories":[7],"tags":[],"class_list":["post-4556","post","type-post","status-publish","format-standard","has-post-thumbnail","hentry","category-serviciospublicos"],"_links":{"self":[{"href":"https:\/\/minutaregional.cl\/index.php?rest_route=\/wp\/v2\/posts\/4556","targetHints":{"allow":["GET"]}}],"collection":[{"href":"https:\/\/minutaregional.cl\/index.php?rest_route=\/wp\/v2\/posts"}],"about":[{"href":"https:\/\/minutaregional.cl\/index.php?rest_route=\/wp\/v2\/types\/post"}],"author":[{"embeddable":true,"href":"https:\/\/minutaregional.cl\/index.php?rest_route=\/wp\/v2\/users\/1"}],"replies":[{"embeddable":true,"href":"https:\/\/minutaregional.cl\/index.php?rest_route=%2Fwp%2Fv2%2Fcomments&post=4556"}],"version-history":[{"count":1,"href":"https:\/\/minutaregional.cl\/index.php?rest_route=\/wp\/v2\/posts\/4556\/revisions"}],"predecessor-version":[{"id":4558,"href":"https:\/\/minutaregional.cl\/index.php?rest_route=\/wp\/v2\/posts\/4556\/revisions\/4558"}],"wp:featuredmedia":[{"embeddable":true,"href":"https:\/\/minutaregional.cl\/index.php?rest_route=\/wp\/v2\/media\/4557"}],"wp:attachment":[{"href":"https:\/\/minutaregional.cl\/index.php?rest_route=%2Fwp%2Fv2%2Fmedia&parent=4556"}],"wp:term":[{"taxonomy":"category","embeddable":true,"href":"https:\/\/minutaregional.cl\/index.php?rest_route=%2Fwp%2Fv2%2Fcategories&post=4556"},{"taxonomy":"post_tag","embeddable":true,"href":"https:\/\/minutaregional.cl\/index.php?rest_route=%2Fwp%2Fv2%2Ftags&post=4556"}],"curies":[{"name":"wp","href":"https:\/\/api.w.org\/{rel}","templated":true}]}}