{"id":4510,"date":"2024-11-26T18:45:30","date_gmt":"2024-11-26T18:45:30","guid":{"rendered":"https:\/\/minutaregional.cl\/?p=4510"},"modified":"2024-11-26T18:45:30","modified_gmt":"2024-11-26T18:45:30","slug":"bus-de-la-justicia-atiende-en-centro-de-reinsercion-social-de-ovalle","status":"publish","type":"post","link":"https:\/\/minutaregional.cl\/?p=4510","title":{"rendered":"Bus de la Justicia atiende en Centro de Reinserci\u00f3n Social de Ovalle"},"content":{"rendered":"<p>Hasta la comuna de Ovalle se traslad\u00f3 el Bus del Poder Judicial para atender a los usuarios y usuarios del Centro de Reinserci\u00f3n de Ovalle (CRS) en el marco de una actividad convocada por la seremi de Justicia y Derechos Humanos.<\/p>\n<p>Adem\u00e1s del Poder Judicial, estuvo presente instituciones como la Defensor\u00eda Penal P\u00fablica, la Corporaci\u00f3n de Asistencia Judicial, el Servicio de Reinserci\u00f3n Juvenil, Registro Civil e Identificaci\u00f3n, entre otros.<\/p>\n<p>\u201cSi bien asisten diversos servicios dependientes del Ministerio de Justicia, nos parece s\u00faper importante que se pueda sumar a ellas el Poder Judicial, porque la informaci\u00f3n que pueden entregar al usuario y la comunidad dice relaci\u00f3n principalmente con sus causas o c\u00f3mo es la tramitaci\u00f3n, antecedentes que quiz\u00e1s no se los pueden entregar los otros servicios de justicia\u201d, se\u00f1al\u00f3 la seremi de Justicia y Derechos Humanos, Mar\u00eda Jos\u00e9 Rojas Erbetta.<\/p>\n<p>El equipo de atenci\u00f3n del bus brind\u00f3 respuesta a las consultas de usuarios del CRS, lo que se suma a una nueva atenci\u00f3n en terreno del veh\u00edculo que durante el a\u00f1o ha recorrido las tres provincias de la regi\u00f3n. \u201cLa gente agradece mucho la atenci\u00f3n del Bus de la Justicia y pide que vayamos m\u00e1s seguido, ya que generalmente muchas de estas personas son de lugares apartados y es un viaje menos que tienen que hacer a la ciudad, por lo tanto, lo valoran mucho\u201d, indic\u00f3 Nivaldo Perines Espinoza, funcionario del Tribunal de Familia de Ovalle.<\/p>\n<p>Para solicitar la atenci\u00f3n del Bus de la Justicia a cualquier sector de la regi\u00f3n de Coquimbo puede comunicarse con el tribunal m\u00e1s cercano, a la Corte de Apelaciones de La Serena o escribir al mail <a href=\"mailto:comunicaciones_calaserena@pjud.cl\">comunicaciones_calaserena@pjud.cl<\/a><\/p>\n<p>&nbsp;<\/p>\n","protected":false},"excerpt":{"rendered":"<p>Hasta la comuna de Ovalle se traslad\u00f3 el Bus del Poder Judicial para atender a los usuarios y usuarios del Centro de Reinserci\u00f3n de Ovalle (CRS) en el marco de una actividad convocada por la seremi de Justicia y Derechos Humanos. Adem\u00e1s del Poder Judicial, estuvo presente instituciones como la<\/p>\n","protected":false},"author":1,"featured_media":4511,"comment_status":"open","ping_status":"open","sticky":false,"template":"","format":"standard","meta":{"footnotes":""},"categories":[7],"tags":[],"class_list":["post-4510","post","type-post","status-publish","format-standard","has-post-thumbnail","hentry","category-serviciospublicos"],"_links":{"self":[{"href":"https:\/\/minutaregional.cl\/index.php?rest_route=\/wp\/v2\/posts\/4510","targetHints":{"allow":["GET"]}}],"collection":[{"href":"https:\/\/minutaregional.cl\/index.php?rest_route=\/wp\/v2\/posts"}],"about":[{"href":"https:\/\/minutaregional.cl\/index.php?rest_route=\/wp\/v2\/types\/post"}],"author":[{"embeddable":true,"href":"https:\/\/minutaregional.cl\/index.php?rest_route=\/wp\/v2\/users\/1"}],"replies":[{"embeddable":true,"href":"https:\/\/minutaregional.cl\/index.php?rest_route=%2Fwp%2Fv2%2Fcomments&post=4510"}],"version-history":[{"count":1,"href":"https:\/\/minutaregional.cl\/index.php?rest_route=\/wp\/v2\/posts\/4510\/revisions"}],"predecessor-version":[{"id":4512,"href":"https:\/\/minutaregional.cl\/index.php?rest_route=\/wp\/v2\/posts\/4510\/revisions\/4512"}],"wp:featuredmedia":[{"embeddable":true,"href":"https:\/\/minutaregional.cl\/index.php?rest_route=\/wp\/v2\/media\/4511"}],"wp:attachment":[{"href":"https:\/\/minutaregional.cl\/index.php?rest_route=%2Fwp%2Fv2%2Fmedia&parent=4510"}],"wp:term":[{"taxonomy":"category","embeddable":true,"href":"https:\/\/minutaregional.cl\/index.php?rest_route=%2Fwp%2Fv2%2Fcategories&post=4510"},{"taxonomy":"post_tag","embeddable":true,"href":"https:\/\/minutaregional.cl\/index.php?rest_route=%2Fwp%2Fv2%2Ftags&post=4510"}],"curies":[{"name":"wp","href":"https:\/\/api.w.org\/{rel}","templated":true}]}}