{"id":4501,"date":"2024-11-21T11:59:53","date_gmt":"2024-11-21T11:59:53","guid":{"rendered":"https:\/\/minutaregional.cl\/?p=4501"},"modified":"2024-11-25T12:05:56","modified_gmt":"2024-11-25T12:05:56","slug":"con-videos-educativos-concientizan-sobre-el-cuidado-del-recurso-hidrico-gracias-al-aporte-de-aguas-del-valle","status":"publish","type":"post","link":"https:\/\/minutaregional.cl\/?p=4501","title":{"rendered":"Con videos educativos concientizan sobre el cuidado del recurso h\u00eddrico gracias al aporte de Aguas del Valle"},"content":{"rendered":"<ul>\n<li><strong>Gracias al Fondo Concursable \u201cContigo en cada Gota\u201d, organizaci\u00f3n vecinal de Las Compa\u00f1\u00edas difundir\u00e1 estas piezas audiovisuales a trav\u00e9s de sus redes sociales.<\/strong><\/li>\n<\/ul>\n<p>Vecinos de la organizaci\u00f3n vecinal Sergio May Colvin de La Serena crearon diez videos educativos con los que buscan concientizar a los vecinos sobre el cuidado del agua y el uso eficiente del recurso. Este proyecto fue uno de los ganadores del Fondo Concursable \u201cContigo en cada Gota\u201d de Aguas del Valle.<\/p>\n<p>En la ceremonia de presentaci\u00f3n de las piezas audiovisuales, el subgerente zonal de la sanitaria, Juan Pablo Jacob, destac\u00f3 la importancia de este tipo de iniciativas en la comunidad. \u201cFelicitamos a la agrupaci\u00f3n por este tremendo proyecto. Esperamos que estos videos, que se compartir\u00e1n a trav\u00e9s de redes sociales, lleguen a una gran cantidad de personas, ya que entregan mensajes muy importantes sobre cuidar el agua y el medio ambiente\u201d, puntualiz\u00f3.<\/p>\n<p>La presidenta de la Organizaci\u00f3n Vecinal Sergio May Colvin, Mar\u00eda Cristina Contreras, explic\u00f3 que \u201cla idea de los videos lo encontramos sumamente interesante, para llegar a ni\u00f1os, j\u00f3venes y adultos con un mensaje directo y claro sobre el uso eficiente del agua potable, entendiendo que estamos viviendo una sequ\u00eda de muchos a\u00f1os en la zona\u201d.<\/p>\n<p>Este proyecto, titulado \u201cGotaVisi\u00f3n: Videos para un futuro h\u00eddrico\u201d, fue una de las 26 iniciativas ganadoras del Fondo Concursable \u201cContigo en Cada Gota\u201d de Aguas del Valle en la regi\u00f3n, entregando un m\u00e1ximo de $ 2 millones a las instituciones, y un total de $ 50 millones para la ejecuci\u00f3n de las ideas.<\/p>\n","protected":false},"excerpt":{"rendered":"<p>Gracias al Fondo Concursable \u201cContigo en cada Gota\u201d, organizaci\u00f3n vecinal de Las Compa\u00f1\u00edas difundir\u00e1 estas piezas audiovisuales a trav\u00e9s de sus redes sociales. Vecinos de la organizaci\u00f3n vecinal Sergio May Colvin de La Serena crearon diez videos educativos con los que buscan concientizar a los vecinos sobre el cuidado del<\/p>\n","protected":false},"author":1,"featured_media":4502,"comment_status":"open","ping_status":"open","sticky":false,"template":"","format":"standard","meta":{"footnotes":""},"categories":[45],"tags":[],"class_list":["post-4501","post","type-post","status-publish","format-standard","has-post-thumbnail","hentry","category-aguas-del-valle"],"_links":{"self":[{"href":"https:\/\/minutaregional.cl\/index.php?rest_route=\/wp\/v2\/posts\/4501","targetHints":{"allow":["GET"]}}],"collection":[{"href":"https:\/\/minutaregional.cl\/index.php?rest_route=\/wp\/v2\/posts"}],"about":[{"href":"https:\/\/minutaregional.cl\/index.php?rest_route=\/wp\/v2\/types\/post"}],"author":[{"embeddable":true,"href":"https:\/\/minutaregional.cl\/index.php?rest_route=\/wp\/v2\/users\/1"}],"replies":[{"embeddable":true,"href":"https:\/\/minutaregional.cl\/index.php?rest_route=%2Fwp%2Fv2%2Fcomments&post=4501"}],"version-history":[{"count":1,"href":"https:\/\/minutaregional.cl\/index.php?rest_route=\/wp\/v2\/posts\/4501\/revisions"}],"predecessor-version":[{"id":4503,"href":"https:\/\/minutaregional.cl\/index.php?rest_route=\/wp\/v2\/posts\/4501\/revisions\/4503"}],"wp:featuredmedia":[{"embeddable":true,"href":"https:\/\/minutaregional.cl\/index.php?rest_route=\/wp\/v2\/media\/4502"}],"wp:attachment":[{"href":"https:\/\/minutaregional.cl\/index.php?rest_route=%2Fwp%2Fv2%2Fmedia&parent=4501"}],"wp:term":[{"taxonomy":"category","embeddable":true,"href":"https:\/\/minutaregional.cl\/index.php?rest_route=%2Fwp%2Fv2%2Fcategories&post=4501"},{"taxonomy":"post_tag","embeddable":true,"href":"https:\/\/minutaregional.cl\/index.php?rest_route=%2Fwp%2Fv2%2Ftags&post=4501"}],"curies":[{"name":"wp","href":"https:\/\/api.w.org\/{rel}","templated":true}]}}