{"id":4492,"date":"2024-11-22T11:51:54","date_gmt":"2024-11-22T11:51:54","guid":{"rendered":"https:\/\/minutaregional.cl\/?p=4492"},"modified":"2024-11-22T11:51:54","modified_gmt":"2024-11-22T11:51:54","slug":"feria-laboral-en-coquimbo-puso-a-disposicion-mas-de-mil-puestos-de-trabajo","status":"publish","type":"post","link":"https:\/\/minutaregional.cl\/?p=4492","title":{"rendered":"Feria Laboral en Coquimbo puso a disposici\u00f3n m\u00e1s de mil puestos de trabajo"},"content":{"rendered":"<p><em>En la Plaza de Armas se reunieron empresas de diversos rubros para recibir a los cientos de postulantes que buscan un empleo. La actividad fue organizada por el municipio de Coquimbo junto al SENCE.<\/em><\/p>\n<p>Con la esperanza de encontrar un trabajo y ser parte de los equipos de las distintas empresas de la regi\u00f3n, m\u00e1s de 800 personas llegaron hasta la Plaza de Armas para participar en la Feria Laboral 2024, actividad realizada por el Municipio de Coquimbo en conjunto con el Servicio Nacional de Capacitaci\u00f3n y Empleo, SENCE. Una alianza que busca generar una plataforma de ofertas y vacantes laborales, captando a nuevos trabajadores con el fin de disminuir la tasa de desempleo en la comuna de Coquimbo.<\/p>\n<p>M\u00e1s de 20 empresas del retail, hoteler\u00eda, miner\u00eda, construcci\u00f3n, instituciones p\u00fablicas, agr\u00edcolas que participaron de la Feria Laboral que es parte del Programa del Fortalecimiento OMIL y que ofrec\u00edan m\u00e1s de 80 ofertas laborales y 950 vacantes. Adem\u00e1s, los participantes recibieron el asesoramiento de los funcionarios de la Oficina de Capacitaci\u00f3n y Empleo Municipal.<\/p>\n<p>Crist\u00f3bal Reyes, director de Desarrollo Comunitario se\u00f1ala que dentro de los desaf\u00edos de la actual gesti\u00f3n municipal se encuentra el aportar al desarrollo econ\u00f3mico de la comuna apoyando a emprendedores, capacitando a los vecinos y vecinas y generando alianzas con el mundo privado y las instituciones para contar con m\u00e1s y mejores oportunidades laborales para la comunidad.<\/p>\n<p>\u201cLos convenios con SENCE y el trabajo mancomunado con la Seremi del Trabajo nos permite hoy d\u00eda tener este espacio, pero al mismo tiempo est\u00e1 el compromiso y la instrucci\u00f3n de nuestro alcalde que al Departamento de Fomento Productivo de acercar las distintas plazas laborales a la ciudadan\u00eda. Estamos muy contentos porque los indicadores son positivos, de cerca de 150 colocaciones, estamos llegando a 500, lo que significa que la intenci\u00f3n est\u00e1 dando fruto y esperemos que eso tambi\u00e9n decante en que estas personas puedan mejorar sus ingresos y sus oportunidades laborales\u201d.<\/p>\n<p>Desaf\u00edo de favorecer la empleabilidad en la regi\u00f3n que tambi\u00e9n se propone el Ministerio del Trabajo y Previsi\u00f3n Social. El Seremi Francisco Brizuela se\u00f1ala que se est\u00e1n articulando diversas acciones como la mesa de trabajo de empleabilidad de las que derivan las Ferias Laborales, que permiten vincular la demanda laboral de la comunidad con las necesidades de las empresas.<\/p>\n<p>\u201cEstamos bastante agradecidos de las empresas que hoy d\u00eda est\u00e1n participando de esta feria, dado que forman parte de la cadena que para a nosotros nos permite efectivamente incorporar la demanda de puestos de trabajo y conectarnos con la necesidad de la poblaci\u00f3n respecto de cu\u00e1les son sus requerimientos en t\u00e9rminos de empleabilidad. As\u00ed es que bastante contento y satisfecho y agradecido tambi\u00e9n de la Municipalidad de Coquimbo que nos ha permitido desarrollar esta actividad a trav\u00e9s del SENCE de la Regi\u00f3n de Coquimbo.<\/p>\n<p>David Cort\u00e9s desde hace seis meses que est\u00e1 desempleado y apenas se enter\u00f3 de la realizaci\u00f3n de la feria busc\u00f3 su documentaci\u00f3n para postular a las distintas ofertas que ofrecen las empresas. \u201cEs una buena oportunidad, porque en realidad la situaci\u00f3n est\u00e1 un poco compleja desde el punto de vista laboral y es una gran herramienta para tener varias opciones de propuestas de trabajo, tanto t\u00e9cnico como de oficio\u201d.<\/p>\n<p>David destaca tambi\u00e9n la disposici\u00f3n de los representantes de las empresas y los funcionarios municipales que guiaron para realizar mejores postulaciones. Una actividad que, para el joven, debe repetirse.<\/p>\n<p>Elizabeth Moya y Elena Tapia llegaron juntas a la Plaza de Armas en busca de oportunidades. Destacan la diversidad de empresas y que se generen opciones sin discriminaci\u00f3n de edad o estudios.\u00a0 \u201cEs muy beneficiosa, porque hay muchas personas que est\u00e1n sin trabajo y esta es una oportunidad gigante para encontrarlo\u201d, se\u00f1ala Elena.<\/p>\n<p>\u201cUna oportunidad s\u00faper buena para los ciudadanos, m\u00e1s ahora que estamos en un tiempo donde la empleabilidad igual est\u00e1 un poco baja, as\u00ed que encuentro s\u00faper buena, porque hay muchos lados donde ellos pueden buscar y muchas \u00e1reas, agrega Elizabeth.<\/p>\n<p>Hern\u00e1n Crespo gerente de Vivo Mall Coquimbo destac\u00f3 esta iniciativa y las acciones que realiza el municipio con el fin de disminuir la tasa de desempleo en la comuna y con ello la actividad econ\u00f3mica local, adelantando que en el mes de diciembre esperan replicar esta feria laboral en conjunto con el municipio en las dependencias del mall.<\/p>\n<p>\u201cEsta regi\u00f3n tiene un \u00edndice de desempleo alto, entonces me parece muy bueno. Hay empresas bien importantes que est\u00e1n participando y nosotros tambi\u00e9n queremos aliarnos con el municipio, apoyarlos. Tenemos una muy buena alianza con fomento productivo de la municipalidad, estamos llevando los emprendedores y la idea tambi\u00e9n es lograr apoyar a todas las iniciativas que est\u00e1n para el a\u00f1o 2025 del municipio\u201d, concluye.<\/p>\n","protected":false},"excerpt":{"rendered":"<p>En la Plaza de Armas se reunieron empresas de diversos rubros para recibir a los cientos de postulantes que buscan un empleo. La actividad fue organizada por el municipio de Coquimbo junto al SENCE. Con la esperanza de encontrar un trabajo y ser parte de los equipos de las distintas<\/p>\n","protected":false},"author":1,"featured_media":4493,"comment_status":"open","ping_status":"open","sticky":false,"template":"","format":"standard","meta":{"footnotes":""},"categories":[1],"tags":[],"class_list":["post-4492","post","type-post","status-publish","format-standard","has-post-thumbnail","hentry","category-noticias-regionales"],"_links":{"self":[{"href":"https:\/\/minutaregional.cl\/index.php?rest_route=\/wp\/v2\/posts\/4492","targetHints":{"allow":["GET"]}}],"collection":[{"href":"https:\/\/minutaregional.cl\/index.php?rest_route=\/wp\/v2\/posts"}],"about":[{"href":"https:\/\/minutaregional.cl\/index.php?rest_route=\/wp\/v2\/types\/post"}],"author":[{"embeddable":true,"href":"https:\/\/minutaregional.cl\/index.php?rest_route=\/wp\/v2\/users\/1"}],"replies":[{"embeddable":true,"href":"https:\/\/minutaregional.cl\/index.php?rest_route=%2Fwp%2Fv2%2Fcomments&post=4492"}],"version-history":[{"count":1,"href":"https:\/\/minutaregional.cl\/index.php?rest_route=\/wp\/v2\/posts\/4492\/revisions"}],"predecessor-version":[{"id":4494,"href":"https:\/\/minutaregional.cl\/index.php?rest_route=\/wp\/v2\/posts\/4492\/revisions\/4494"}],"wp:featuredmedia":[{"embeddable":true,"href":"https:\/\/minutaregional.cl\/index.php?rest_route=\/wp\/v2\/media\/4493"}],"wp:attachment":[{"href":"https:\/\/minutaregional.cl\/index.php?rest_route=%2Fwp%2Fv2%2Fmedia&parent=4492"}],"wp:term":[{"taxonomy":"category","embeddable":true,"href":"https:\/\/minutaregional.cl\/index.php?rest_route=%2Fwp%2Fv2%2Fcategories&post=4492"},{"taxonomy":"post_tag","embeddable":true,"href":"https:\/\/minutaregional.cl\/index.php?rest_route=%2Fwp%2Fv2%2Ftags&post=4492"}],"curies":[{"name":"wp","href":"https:\/\/api.w.org\/{rel}","templated":true}]}}