{"id":4485,"date":"2024-11-20T12:03:35","date_gmt":"2024-11-20T12:03:35","guid":{"rendered":"https:\/\/minutaregional.cl\/?p=4485"},"modified":"2024-11-20T12:03:35","modified_gmt":"2024-11-20T12:03:35","slug":"region-de-coquimbo-mas-de-5800-deudores-de-pension-alimenticia-han-llegado-a-acuerdos-para-regularizar-pagos","status":"publish","type":"post","link":"https:\/\/minutaregional.cl\/?p=4485","title":{"rendered":"Regi\u00f3n de Coquimbo: M\u00e1s de 5800 deudores de pensi\u00f3n alimenticia han llegado a acuerdos para regularizar pagos"},"content":{"rendered":"<ul>\n<li><strong><em>Cifra corresponde al 45% de los inscritos en el Registro Nacional de Deudores de Pensiones de Alimentos de la zona<\/em><\/strong><\/li>\n<\/ul>\n<p>Un positivo impacto en la protecci\u00f3n de los derechos de los menores y en la equidad para miles de mujeres ha tenido en la regi\u00f3n la aplicaci\u00f3n de la Ley de Responsabilidad Parental y Pago Efectivo de Pensiones de Alimentos. Desde su implementaci\u00f3n, esta normativa ha permitido que numerosas cuidadoras reciban los recursos necesarios para su bienestar, avanzando en la garant\u00eda de los derechos b\u00e1sicos de la ni\u00f1ez, como lo destac\u00f3 la Vocera Regional, Paulina Mora.<\/p>\n<p>En la Regi\u00f3n de Coquimbo el Registro Nacional de Deudores de Pensiones de Alimentos cuenta, desde 2022 a la fecha, con 11.735 inscritos vigentes, de los cuales el 97% son hombres. Sin embargo, gracias a la normativa implementada cinco mil 832 deudores han pagado o llegado a acuerdo de pago, lo que ha permitido que los recursos puedan llegan a los ni\u00f1os, ni\u00f1as y adolescentes que lo requieren.<\/p>\n<p>En este sentido, la seremi de Gobierno, Paulina Mora, destac\u00f3 el compromiso del Ejecutivo con la implementaci\u00f3n efectiva de Ley de Responsabilidad Parental y Pago Efectivo de Pensiones de Alimentos.<\/p>\n<p><strong>\u201cEsta norma representa el compromiso irrestricto del Gobierno del Presidente Gabriel Boric con la justicia y la equidad de g\u00e9nero. El no pago de pensiones alimenticias es una forma de violencia econ\u00f3mica contra las mujeres y una expresi\u00f3n de abandono parental al no recibir el aporte necesario para su mantenci\u00f3n. Al establecer que ser\u00e1 el Estado el persecutor del patrimonio del deudor damos una se\u00f1al de que no habr\u00e1 impunidad. Hoy en nuestra Regi\u00f3n de Coquimbo m\u00e1s de 5800 deudores, cerca de un 45% del total, ya se est\u00e1n poniendo al d\u00eda con sus obligaciones\u201d, puntualiz\u00f3 la vocera.<\/strong><\/p>\n<p>Cabe recordar que esta normativa, implementada desde mayo de 2023,\u00a0 establece que si existe al menos una mensualidad de pensi\u00f3n de alimentos adeudada, se podr\u00e1 solicitar al tribunal que active el procedimiento especial y ordene la b\u00fasqueda activa de patrimonio, a trav\u00e9s de una medida de retenci\u00f3n de fondos que el deudor tenga en cuentas bancarias, instrumentos financieros y de inversi\u00f3n, y cuentas de ahorro previsional voluntario.<\/p>\n<p><strong>Cifras Nacionales.<\/strong> Al mes de noviembre, hay m\u00e1s de 250 mil deudores con compromisos vigentes en el Registro Nacional de Deudores de Pensiones de Alimentos, pero gracias a las consecuencias establecidas en la misma ley y a los mecanismos de pago de la Ley de Responsabilidad Parental, tambi\u00e9n se registran m\u00e1s de 106 mil cancelaciones desde su creaci\u00f3n, lo que quiere decir que m\u00e1s del 37% de los deudores que han ingresado al registro han pagado sus deudas o han llegado a un acuerdo de pago ante tribunales.<\/p>\n<p>Hasta octubre de este a\u00f1o, se ha ordenado el pago de m\u00e1s de 1 bill\u00f3n 360 mil millones de pesos en pensiones alimenticias, de los cuales se han recuperado m\u00e1s de 588 mil millones.<\/p>\n<p>La Seremi de Gobierno, Paulina Mora asever\u00f3 que la Ley de Pago Efectivo de Pensiones Alimenticias logr\u00f3 corregir una deuda que ten\u00eda el Estado con las mujeres, las que por muchos a\u00f1os vieron vulnerados sus derechos y los de sus hijos e hijas. <strong>\u00abHoy como pa\u00eds contamos con una institucionalidad m\u00e1s robusta, avanzando hacia una sociedad responsable con los derechos de ni\u00f1os, ni\u00f1as y adolescentes, y de miles de mujeres, que por d\u00e9cadas sufrieron injustamente las consecuencias del no pago efectivo de las deudas de pensiones de alimentos\u201d, sentenci\u00f3.<\/strong><\/p>\n<p>Para finalizar, la autoridad hizo un llamado a que se siga formalizando la deuda ante tribunales de familia, porque ni\u00f1os, ni\u00f1as y adolescentes tienen derecho a estos recursos para su mantenci\u00f3n y desarrollo.<\/p>\n","protected":false},"excerpt":{"rendered":"<p>Cifra corresponde al 45% de los inscritos en el Registro Nacional de Deudores de Pensiones de Alimentos de la zona Un positivo impacto en la protecci\u00f3n de los derechos de los menores y en la equidad para miles de mujeres ha tenido en la regi\u00f3n la aplicaci\u00f3n de la Ley<\/p>\n","protected":false},"author":1,"featured_media":4486,"comment_status":"open","ping_status":"open","sticky":false,"template":"","format":"standard","meta":{"footnotes":""},"categories":[24],"tags":[],"class_list":["post-4485","post","type-post","status-publish","format-standard","has-post-thumbnail","hentry","category-seremi-de-gobierno"],"_links":{"self":[{"href":"https:\/\/minutaregional.cl\/index.php?rest_route=\/wp\/v2\/posts\/4485","targetHints":{"allow":["GET"]}}],"collection":[{"href":"https:\/\/minutaregional.cl\/index.php?rest_route=\/wp\/v2\/posts"}],"about":[{"href":"https:\/\/minutaregional.cl\/index.php?rest_route=\/wp\/v2\/types\/post"}],"author":[{"embeddable":true,"href":"https:\/\/minutaregional.cl\/index.php?rest_route=\/wp\/v2\/users\/1"}],"replies":[{"embeddable":true,"href":"https:\/\/minutaregional.cl\/index.php?rest_route=%2Fwp%2Fv2%2Fcomments&post=4485"}],"version-history":[{"count":2,"href":"https:\/\/minutaregional.cl\/index.php?rest_route=\/wp\/v2\/posts\/4485\/revisions"}],"predecessor-version":[{"id":4488,"href":"https:\/\/minutaregional.cl\/index.php?rest_route=\/wp\/v2\/posts\/4485\/revisions\/4488"}],"wp:featuredmedia":[{"embeddable":true,"href":"https:\/\/minutaregional.cl\/index.php?rest_route=\/wp\/v2\/media\/4486"}],"wp:attachment":[{"href":"https:\/\/minutaregional.cl\/index.php?rest_route=%2Fwp%2Fv2%2Fmedia&parent=4485"}],"wp:term":[{"taxonomy":"category","embeddable":true,"href":"https:\/\/minutaregional.cl\/index.php?rest_route=%2Fwp%2Fv2%2Fcategories&post=4485"},{"taxonomy":"post_tag","embeddable":true,"href":"https:\/\/minutaregional.cl\/index.php?rest_route=%2Fwp%2Fv2%2Ftags&post=4485"}],"curies":[{"name":"wp","href":"https:\/\/api.w.org\/{rel}","templated":true}]}}