{"id":4472,"date":"2024-11-18T20:39:08","date_gmt":"2024-11-18T20:39:08","guid":{"rendered":"https:\/\/minutaregional.cl\/?p=4472"},"modified":"2024-11-18T20:39:08","modified_gmt":"2024-11-18T20:39:08","slug":"jovenes-privados-de-libertad-se-certifican-en-curso-de-chocolateria-artesanal","status":"publish","type":"post","link":"https:\/\/minutaregional.cl\/?p=4472","title":{"rendered":"J\u00f3venes privados de libertad se certifican en curso de chocolater\u00eda artesanal"},"content":{"rendered":"<p>Como parte del compromiso por promover la formaci\u00f3n y facilitar la reinserci\u00f3n social de j\u00f3venes privados de libertad en el Complejo Penitenciario de La Serena, seis participantes recibieron su certificaci\u00f3n en el curso \u201cChocolater\u00eda Artesanal\u201d. Este programa busc\u00f3 dotarlos de habilidades te\u00f3rico-pr\u00e1cticas en el \u00e1rea de reposter\u00eda, prepar\u00e1ndolos para desempe\u00f1arse en el \u00e1mbito laboral de la chocolater\u00eda artesanal.<\/p>\n<p>&nbsp;<\/p>\n<p>En la ceremonia de certificaci\u00f3n estuvo presente la seremi de Justicia y Derechos Humanos, Mar\u00eda Jos\u00e9 Rojas Erbetta, el director de Gendarmer\u00eda, coronel Rafael Cadenas, la jefa del complejo penitenciario, coronel Elizabeth Ramos, entre otros funcionarios de la instituci\u00f3n custodia.<\/p>\n<p>&nbsp;<\/p>\n<p>En ese sentido Rojas Erbetta, se\u00f1al\u00f3 respecto al curso que, \u201cestas capacitaciones certificadas son de suma importancia para los procesos de los j\u00f3venes, abri\u00e9ndoles paso con capacidades y formaciones que les dan reales oportunidades de reinserci\u00f3n. Como ha se\u00f1alado nuestro gobierno y en especial nuestro presidente Gabriel Boric, invertir en reinserci\u00f3n es invertir en seguridad, pilar necesario hoy para nuestra sociedad\u201d.<\/p>\n<p>&nbsp;<\/p>\n<p>Este programa no solo promueve el desarrollo de habilidades t\u00e9cnicas, sino que tambi\u00e9n desempe\u00f1a un papel crucial en los procesos de reinserci\u00f3n social de los j\u00f3venes privados de libertad de la secci\u00f3n juvenil del CP La Serena.<\/p>\n<p>&nbsp;<\/p>\n<p>El curso, impartido por Ethos Limitada, represent\u00f3 una inversi\u00f3n cercana a los 12 millones de pesos, financiada con recursos de Gendarmer\u00eda. Esta iniciativa refleja el compromiso institucional con la formaci\u00f3n y capacitaci\u00f3n de los j\u00f3venes, brind\u00e1ndoles herramientas clave para su desarrollo personal y laboral.<\/p>\n","protected":false},"excerpt":{"rendered":"<p>Como parte del compromiso por promover la formaci\u00f3n y facilitar la reinserci\u00f3n social de j\u00f3venes privados de libertad en el Complejo Penitenciario de La Serena, seis participantes recibieron su certificaci\u00f3n en el curso \u201cChocolater\u00eda Artesanal\u201d. Este programa busc\u00f3 dotarlos de habilidades te\u00f3rico-pr\u00e1cticas en el \u00e1rea de reposter\u00eda, prepar\u00e1ndolos para desempe\u00f1arse<\/p>\n","protected":false},"author":1,"featured_media":4473,"comment_status":"open","ping_status":"open","sticky":false,"template":"","format":"standard","meta":{"footnotes":""},"categories":[7],"tags":[],"class_list":["post-4472","post","type-post","status-publish","format-standard","has-post-thumbnail","hentry","category-serviciospublicos"],"_links":{"self":[{"href":"https:\/\/minutaregional.cl\/index.php?rest_route=\/wp\/v2\/posts\/4472","targetHints":{"allow":["GET"]}}],"collection":[{"href":"https:\/\/minutaregional.cl\/index.php?rest_route=\/wp\/v2\/posts"}],"about":[{"href":"https:\/\/minutaregional.cl\/index.php?rest_route=\/wp\/v2\/types\/post"}],"author":[{"embeddable":true,"href":"https:\/\/minutaregional.cl\/index.php?rest_route=\/wp\/v2\/users\/1"}],"replies":[{"embeddable":true,"href":"https:\/\/minutaregional.cl\/index.php?rest_route=%2Fwp%2Fv2%2Fcomments&post=4472"}],"version-history":[{"count":1,"href":"https:\/\/minutaregional.cl\/index.php?rest_route=\/wp\/v2\/posts\/4472\/revisions"}],"predecessor-version":[{"id":4474,"href":"https:\/\/minutaregional.cl\/index.php?rest_route=\/wp\/v2\/posts\/4472\/revisions\/4474"}],"wp:featuredmedia":[{"embeddable":true,"href":"https:\/\/minutaregional.cl\/index.php?rest_route=\/wp\/v2\/media\/4473"}],"wp:attachment":[{"href":"https:\/\/minutaregional.cl\/index.php?rest_route=%2Fwp%2Fv2%2Fmedia&parent=4472"}],"wp:term":[{"taxonomy":"category","embeddable":true,"href":"https:\/\/minutaregional.cl\/index.php?rest_route=%2Fwp%2Fv2%2Fcategories&post=4472"},{"taxonomy":"post_tag","embeddable":true,"href":"https:\/\/minutaregional.cl\/index.php?rest_route=%2Fwp%2Fv2%2Ftags&post=4472"}],"curies":[{"name":"wp","href":"https:\/\/api.w.org\/{rel}","templated":true}]}}