{"id":4442,"date":"2024-11-13T18:29:45","date_gmt":"2024-11-13T18:29:45","guid":{"rendered":"https:\/\/minutaregional.cl\/?p=4442"},"modified":"2024-11-13T18:29:45","modified_gmt":"2024-11-13T18:29:45","slug":"capacitacion-en-emergencias-obstetricas-refuerza-el-compromiso-con-la-salud-de-mujeres-privadas-de-libertad","status":"publish","type":"post","link":"https:\/\/minutaregional.cl\/?p=4442","title":{"rendered":"Capacitaci\u00f3n en emergencias obst\u00e9tricas refuerza el compromiso con la salud de mujeres privadas de libertad"},"content":{"rendered":"\r\n\r\n<em>Participaron funcionarios y funcionarias del \u00e1rea de salud de las unidades penales de La Serena, Ovalle e Illapel de Gendarmer\u00eda de Chile.<\/em>\r\n\r\nEn el marco de la Mesa de trabajo de Mujeres Privadas de Libertad Embarazadas y con Hijos Lactantes, las instituciones integrantes contin\u00faan fortaleciendo su compromiso con la salud y el bienestar de las mujeres en contexto de encierro. Por ese motivo, funcionarios del \u00e1rea de salud de las unidades penitenciarias de La Serena, Ovalle e Illapel participaron en una capacitaci\u00f3n especializada en emergencias obst\u00e9tricas, con el objetivo de mejorar la respuesta ante situaciones cr\u00edticas durante el embarazo, parto y postparto.\r\n\r\nLa capacitaci\u00f3n fue impartida por Luciana Guam\u00e1n, matrona encargada del Programa de Salud Sexual y Reproductiva del Servicio de Salud Coquimbo. Durante la actividad, se abordaron temas clave como los signos de alerta y las primeras respuestas necesarias ante emergencias obst\u00e9tricas, dotando al personal penitenciario de herramientas pr\u00e1cticas para brindar una atenci\u00f3n eficiente y oportuna, para posterior derivaci\u00f3n de la paciente a la red de salud m\u00e1s cercana.\r\n\r\n<strong>Mar\u00eda Jos\u00e9 Rojas Erbetta, seremi de Justicia y Derechos Humanos de la Regi\u00f3n de Coquimbo<\/strong>, indic\u00f3 que, \u201cnos parece muy importante que logremos ir avanzando en el reconocimiento y en la protecci\u00f3n de los derechos de las mujeres, sus derechos sexuales y reproductivos, ya que, como sabemos, las personas, mujeres en este caso privadas de libertad, ese es su \u00fanico derecho limitado, la libertad y no la vida digna y los otros derechos que puedan estarse ejerciendo\u201d, indic\u00f3 la autoridad.\r\n\r\n<strong>En esa misma l\u00ednea, Guam\u00e1n<\/strong>, destac\u00f3 respecto a la actividad que, \u201cla actividad yo la evalu\u00f3 muy positiva, una amplia participaci\u00f3n y activa participaci\u00f3n de los asistentes, se renovaron conocimientos, se refrescaron conocimientos y creemos que este es el punto de partida para futuras otras instancias de capacitaci\u00f3n y actualizaci\u00f3n en el contexto de salud de las mujeres en el curso de vida\u201d.\r\n\r\n<strong>Mar\u00eda Soledad Collao, enfermera de la unidad de salud del CP La Serena, agreg\u00f3 que, \u201c<\/strong>me pareci\u00f3 muy buena, es algo que a nosotros nos enriquece mucho como unidad de salud, una instancia para que podamos resolver dudas, muy atingente los contenidos que nos entregaron, la participaci\u00f3n de nuestros compa\u00f1eros y yo le agradezco porque nosotros necesitamos mucho mantenernos actualizados. Entonces esto ha sido una instancia para que podamos compartir, para que nos podamos actualizar, enriquecer y estar siempre en mejora para la atenci\u00f3n a nuestros usuarios\u201d.\r\n\r\nLa capacitaci\u00f3n es parte de un esfuerzo continuo por mejorar los est\u00e1ndares de salud en los centros penitenciarios. Entre los pr\u00f3ximos desaf\u00edos planteados por la mesa de trabajo para el a\u00f1o 2025, destaca la necesidad de capacitar al personal en temas relacionados con la diversidad sexo-gen\u00e9rica y la prevenci\u00f3n de infecciones de transmisi\u00f3n sexual (ITS), entre otras tem\u00e1ticas.\r\n\r\nCabe se\u00f1alar que, los trabajadores del \u00e1rea de salud del CP La Serena pertenecen a la concesionaria, en este caso, servicio prestado por ACHS.\r\n\r\n","protected":false},"excerpt":{"rendered":"<p>Participaron funcionarios y funcionarias del \u00e1rea de salud de las unidades penales de La Serena, Ovalle e Illapel de Gendarmer\u00eda de Chile. En el marco de la Mesa de trabajo de Mujeres Privadas de Libertad Embarazadas y con Hijos Lactantes, las instituciones integrantes contin\u00faan fortaleciendo su compromiso con la salud<\/p>\n","protected":false},"author":1,"featured_media":4443,"comment_status":"open","ping_status":"open","sticky":false,"template":"","format":"standard","meta":{"footnotes":""},"categories":[7],"tags":[],"class_list":["post-4442","post","type-post","status-publish","format-standard","has-post-thumbnail","hentry","category-serviciospublicos"],"_links":{"self":[{"href":"https:\/\/minutaregional.cl\/index.php?rest_route=\/wp\/v2\/posts\/4442","targetHints":{"allow":["GET"]}}],"collection":[{"href":"https:\/\/minutaregional.cl\/index.php?rest_route=\/wp\/v2\/posts"}],"about":[{"href":"https:\/\/minutaregional.cl\/index.php?rest_route=\/wp\/v2\/types\/post"}],"author":[{"embeddable":true,"href":"https:\/\/minutaregional.cl\/index.php?rest_route=\/wp\/v2\/users\/1"}],"replies":[{"embeddable":true,"href":"https:\/\/minutaregional.cl\/index.php?rest_route=%2Fwp%2Fv2%2Fcomments&post=4442"}],"version-history":[{"count":1,"href":"https:\/\/minutaregional.cl\/index.php?rest_route=\/wp\/v2\/posts\/4442\/revisions"}],"predecessor-version":[{"id":4444,"href":"https:\/\/minutaregional.cl\/index.php?rest_route=\/wp\/v2\/posts\/4442\/revisions\/4444"}],"wp:featuredmedia":[{"embeddable":true,"href":"https:\/\/minutaregional.cl\/index.php?rest_route=\/wp\/v2\/media\/4443"}],"wp:attachment":[{"href":"https:\/\/minutaregional.cl\/index.php?rest_route=%2Fwp%2Fv2%2Fmedia&parent=4442"}],"wp:term":[{"taxonomy":"category","embeddable":true,"href":"https:\/\/minutaregional.cl\/index.php?rest_route=%2Fwp%2Fv2%2Fcategories&post=4442"},{"taxonomy":"post_tag","embeddable":true,"href":"https:\/\/minutaregional.cl\/index.php?rest_route=%2Fwp%2Fv2%2Ftags&post=4442"}],"curies":[{"name":"wp","href":"https:\/\/api.w.org\/{rel}","templated":true}]}}