{"id":4432,"date":"2024-11-11T15:59:38","date_gmt":"2024-11-11T15:59:38","guid":{"rendered":"https:\/\/minutaregional.cl\/?p=4432"},"modified":"2024-11-11T15:59:38","modified_gmt":"2024-11-11T15:59:38","slug":"personas-mayores-ensenan-a-ninos-y-adolescentes-sobre-la-importancia-de-la-participacion-ciudadana","status":"publish","type":"post","link":"https:\/\/minutaregional.cl\/?p=4432","title":{"rendered":"Personas mayores ense\u00f1an a ni\u00f1os y adolescentes sobre la importancia de la participaci\u00f3n ciudadana"},"content":{"rendered":"<ul>\n<li><strong><em>En el encuentro intergeneracional, realizado en Coquimbo, peque\u00f1os compartieron opiniones con integrantes de clubes de adultos mayores sobre la tem\u00e1tica<\/em><\/strong><\/li>\n<\/ul>\n<p>A trav\u00e9s de una l\u00fadica obra de t\u00edteres y un posterior di\u00e1logo interactivo, los integrantes del Club Sue\u00f1os Cumplidos y ni\u00f1os, ni\u00f1as y adolescentes del programa Cecrea fueron parte de una jornada, donde se busc\u00f3 dar a conocer conceptos b\u00e1sicos sobre la participaci\u00f3n ciudadana y relevar su importancia para el desarrollo de nuestras comunidades.<\/p>\n<p>La actividad es una iniciativa piloto de la Divisi\u00f3n de Organizaciones Sociales que pretende ense\u00f1ar, por medio de la experiencia de las personas mayores, la necesidad de contar con una sociedad civil empoderada e incentivar desde edades tempranas la participaci\u00f3n ciudadana.<\/p>\n<p><strong>\u201cEstamos muy contentas, porque como Ministerio Secretar\u00eda General de Gobierno de la regi\u00f3n de Coquimbo, en conjunto con la Seremi de Culturas, las Artes y el Patrimonio, tambi\u00e9n con toda la colaboraci\u00f3n de la Universidad Central y el Teatro de T\u00edteres; logramos hacer un di\u00e1logo intergeneracional, donde personas mayores les cuentan su experiencia de organizaci\u00f3n y qu\u00e9 significa estar en comunidad, a ni\u00f1as y ni\u00f1os que son parte del programa Cecrea. As\u00ed que esta es nuestra primera iniciativa, tambi\u00e9n conjunto, enmarcado en fomentar la participaci\u00f3n de ni\u00f1as y ni\u00f1os\u201d, detall\u00f3 la Seremi de Gobierno, Paulina Mora.<\/strong><\/p>\n<p><strong>\u00a0<\/strong>Desde la Seremi de Las Culturas, Ricardo Vega, indic\u00f3 que con este tipo de acciones se est\u00e1 concretando uno de los objetivos de la Pol\u00edtica de Ni\u00f1ez y Adolescencia 2024-2032, que es aumentar la participaci\u00f3n efectiva de ni\u00f1os, ni\u00f1as y adolescentes en todo el pa\u00eds. <strong>\u201cLo hermoso de la actividad es el tejido social que se ve formado entre las ni\u00f1as, los ni\u00f1os, los adolescentes, con los adultos mayores de ac\u00e1 del sector\u201d<\/strong>.<\/p>\n<p><strong>PROGRAMA CECREA.<\/strong> Es una iniciativa del Ministerio de las Culturas, las Artes y el Patrimonio que promueve el derecho a imaginar y crear de ciudadanos y ciudadanas de 7 a 19 a\u00f1os, a trav\u00e9s de la convergencia de las artes, las ciencias, las tecnolog\u00edas y la sustentabilidad. La instancia busca desarrollar experiencias y procesos creativos de aprendizaje, promoviendo que ni\u00f1os, ni\u00f1as y j\u00f3venes, indaguen, experimenten, jueguen, conversen, imaginen y creen, ejerciendo sus derechos.<\/p>\n<p>Al respecto, Marcela Castillo, encargada program\u00e1tica de Centros de Creaci\u00f3n (Cecrea) Coquimbo, valor\u00f3 el trabajo realizado en alianza con la Seremi de Gobierno para fortalecer la participaci\u00f3n de las ni\u00f1eces y adolescencias en el \u00e1mbito social. <strong>\u201cLa idea de esto es que ambos, desde sus diferentes experiencias, puedan compartir c\u00f3mo van generando comunidad, c\u00f3mo van haciendo participaci\u00f3n ciudadana en sus diversos \u00e1mbitos y as\u00ed lograr una incidencia concreta de los peque\u00f1os en sus comunidades\u201d, detall\u00f3.<\/strong><\/p>\n","protected":false},"excerpt":{"rendered":"<p>En el encuentro intergeneracional, realizado en Coquimbo, peque\u00f1os compartieron opiniones con integrantes de clubes de adultos mayores sobre la tem\u00e1tica A trav\u00e9s de una l\u00fadica obra de t\u00edteres y un posterior di\u00e1logo interactivo, los integrantes del Club Sue\u00f1os Cumplidos y ni\u00f1os, ni\u00f1as y adolescentes del programa Cecrea fueron parte de<\/p>\n","protected":false},"author":1,"featured_media":4433,"comment_status":"open","ping_status":"open","sticky":false,"template":"","format":"standard","meta":{"footnotes":""},"categories":[24],"tags":[],"class_list":["post-4432","post","type-post","status-publish","format-standard","has-post-thumbnail","hentry","category-seremi-de-gobierno"],"_links":{"self":[{"href":"https:\/\/minutaregional.cl\/index.php?rest_route=\/wp\/v2\/posts\/4432","targetHints":{"allow":["GET"]}}],"collection":[{"href":"https:\/\/minutaregional.cl\/index.php?rest_route=\/wp\/v2\/posts"}],"about":[{"href":"https:\/\/minutaregional.cl\/index.php?rest_route=\/wp\/v2\/types\/post"}],"author":[{"embeddable":true,"href":"https:\/\/minutaregional.cl\/index.php?rest_route=\/wp\/v2\/users\/1"}],"replies":[{"embeddable":true,"href":"https:\/\/minutaregional.cl\/index.php?rest_route=%2Fwp%2Fv2%2Fcomments&post=4432"}],"version-history":[{"count":1,"href":"https:\/\/minutaregional.cl\/index.php?rest_route=\/wp\/v2\/posts\/4432\/revisions"}],"predecessor-version":[{"id":4434,"href":"https:\/\/minutaregional.cl\/index.php?rest_route=\/wp\/v2\/posts\/4432\/revisions\/4434"}],"wp:featuredmedia":[{"embeddable":true,"href":"https:\/\/minutaregional.cl\/index.php?rest_route=\/wp\/v2\/media\/4433"}],"wp:attachment":[{"href":"https:\/\/minutaregional.cl\/index.php?rest_route=%2Fwp%2Fv2%2Fmedia&parent=4432"}],"wp:term":[{"taxonomy":"category","embeddable":true,"href":"https:\/\/minutaregional.cl\/index.php?rest_route=%2Fwp%2Fv2%2Fcategories&post=4432"},{"taxonomy":"post_tag","embeddable":true,"href":"https:\/\/minutaregional.cl\/index.php?rest_route=%2Fwp%2Fv2%2Ftags&post=4432"}],"curies":[{"name":"wp","href":"https:\/\/api.w.org\/{rel}","templated":true}]}}