{"id":4428,"date":"2024-11-08T23:08:56","date_gmt":"2024-11-08T23:08:56","guid":{"rendered":"https:\/\/minutaregional.cl\/?p=4428"},"modified":"2024-11-08T23:10:39","modified_gmt":"2024-11-08T23:10:39","slug":"ministerio-de-justicia-y-derechos-humanos-actualiza-lineamientos-de-gestion-a-servicios-dependientes-y-seremis","status":"publish","type":"post","link":"https:\/\/minutaregional.cl\/?p=4428","title":{"rendered":"Ministerio de Justicia y Derechos Humanos actualiza lineamientos de gesti\u00f3n a servicios dependientes y seremis"},"content":{"rendered":"<p>Encabezado por el Ministro de Justicia y Derechos Humanos, Jaime Gajardo Falc\u00f3n, el encuentro cont\u00f3 con la participaci\u00f3n del reci\u00e9n nombrado Subsecretario de Justicia, Ernesto Mu\u00f1oz Lamartine, y la Subsecretaria de Derechos Humanos, Daniela Quintanilla Mateff. Esta instancia reuni\u00f3, por primera vez, a las autoridades nacionales con los Secretarios Regionales Ministeriales (Seremis) de todo el pa\u00eds, adem\u00e1s de los jefes de los servicios dependientes de la cartera, para abordar los lineamientos estrat\u00e9gicos y prioridades de gesti\u00f3n para la \u00faltima etapa de gobierno.<\/p>\n<p>El<strong> ministro Jaime Gajardo<\/strong> subray\u00f3 que: \u00abCon el nuevo equipo del Ministerio debemos enfrentar grandes desaf\u00edos que no se podr\u00e1n superar sin la colaboraci\u00f3n de todos y todas. Entre ellos, la implementaci\u00f3n de un nuevo sistema de identificaci\u00f3n en el Registro Civil a partir del 16 de diciembre\u201d<\/p>\n<p>A ello sum\u00f3 \u201cel fortalecimiento del control en nuestros establecimientos penitenciarios a nivel nacional. El sistema penitenciario no es solo una cuesti\u00f3n de seguridad; en un pa\u00eds democr\u00e1tico, fundamentado en los derechos humanos, la reinserci\u00f3n social es esencial.<\/p>\n<p>Tambi\u00e9n -dijo- \u201cdebemos poner en marcha el nuevo Servicio de Reinserci\u00f3n Social Juvenil en todo el pa\u00eds\u201d.<\/p>\n<p>Adem\u00e1s, \u201cuna pol\u00edtica p\u00fablica prioritaria de este gobierno y una responsabilidad moral para el Estado, es la implementaci\u00f3n del Plan Nacional de B\u00fasqueda, que busca sanar heridas y hacer justicia a las v\u00edctimas y sus familias\u00bb.<\/p>\n<p>El encuentro cont\u00f3 con la presencia de los Jefes de Divisi\u00f3n del Ministerio; y los m\u00e1ximos representantes de los servicios del sector: el Defensor Nacional (s), Osvaldo Pizarro; el Director Nacional de Gendarmer\u00eda, Sebasti\u00e1n Urra; la Directora Nacional del Servicio M\u00e9dico Legal, Marisol Prado; la Directora Nacional del Servicio Nacional de Menores, Mar\u00eda Eugenia Fern\u00e1ndez; la Directora Nacional (s) del Registro Civil e Identificaci\u00f3n, Ema Moreno; la Directora Nacional del Servicio Nacional de Reinserci\u00f3n Social Juvenil, Roc\u00edo Fa\u00fandez; y el Director General de la Corporaci\u00f3n de Asistencia Judicial Metropolitana, Rodrigo Mora.<\/p>\n<p><strong>Participaci\u00f3n y Coordinaci\u00f3n Interinstitucional<\/strong><\/p>\n<p>La jornada comenz\u00f3 con las palabras del Ministro Gajardo, quien present\u00f3 los lineamientos y objetivos de su gesti\u00f3n, enfoc\u00e1ndose en ejes prioritarios, como avanzar en infraestructura y seguridad penitenciaria; implementar el Servicio Nacional de Reinserci\u00f3n Social Juvenil en todo el pa\u00eds; continuar con el desarrollo del Plan Nacional de B\u00fasqueda; fortalecer el acceso a la justicia y llevar adelante diversas iniciativas legislativas, como la reforma al sistema de nombramientos judiciales.<\/p>\n<p>La Subsecretaria de Derechos Humanos, Daniela Quintanilla, expuso sobre la implementaci\u00f3n del Plan de B\u00fasqueda, junto con el Protocolo de Defensores de Derechos Humanos en el marco del Tratado de Escaz\u00fa. Posteriormente, el subsecretario de Justicia, Ernesto Mu\u00f1oz, se present\u00f3 como nueva autoridad ministerial, manifestando su intenci\u00f3n de dar continuidad a la gesti\u00f3n liderada por el actual ministro desde dicho cargo.<\/p>\n<p>Durante la jornada, los jefes de los servicios ministeriales compartieron sus planes y estrategias para fortalecer la colaboraci\u00f3n y respuesta regional en justicia y derechos humanos. Entre las iniciativas expuestas, se abordaron programas orientados a reinserci\u00f3n social y la implementaci\u00f3n del Servicio Nacional de Reinserci\u00f3n Juvenil. En este espacio, los Seremis pudieron expresar los desaf\u00edos y oportunidades de sus respectivas regiones, promoviendo una coordinaci\u00f3n efectiva entre los niveles central y regional.<\/p>\n<p>El ministro Gajardo exhort\u00f3 a los seremis a mantener una relaci\u00f3n fluida con todos los sectores, considerando que las tareas que est\u00e1 desarrollando el Ministerio tienen car\u00e1cter de pol\u00edticas de Estado.<\/p>\n<p>Mar\u00eda Jos\u00e9 Rojas Erbetta, seremi de la regi\u00f3n de Coquimbo, manifest\u00f3 ese sentido que, \u00aben este encuentro, recibimos los lineamientos clave del Gobierno para este \u00faltimo periodo de gesti\u00f3n. Se nos ha encomendado el m\u00e1ximo compromiso con el cumplimiento de las metas prioritarias, como el Plan Nacional de B\u00fasqueda, la implementaci\u00f3n del Sistema Regional de Justicia (SRSJ), el fortalecimiento de la pol\u00edtica penitenciaria y la puesta en marcha del Servicio de Acceso a la Justicia y la Defensor\u00eda de las V\u00edctimas, entre otros. En este tramo final, tal como nos lo se\u00f1al\u00f3 el Ministro Jaime Gajardo y el Presidente Gabriel Boric, seguimos avanzando para consolidar los compromisos de este mandato\u00bb.<\/p>\n<p>Este Encuentro del Sector Justicia representa un paso significativo en la gesti\u00f3n inclusiva y colaborativa del Ministerio de Justicia y Derechos Humanos, reafirmando su compromiso con el acceso a la justicia y la promoci\u00f3n de los derechos humanos en todo el pa\u00eds.<\/p>\n<p>Durante la jornada tambi\u00e9n hubo una reuni\u00f3n con todo el personal ministerial, oportunidad en la que se dio la bienvenida al nuevo Subsecretario de Justicia.<\/p>\n","protected":false},"excerpt":{"rendered":"<p>Encabezado por el Ministro de Justicia y Derechos Humanos, Jaime Gajardo Falc\u00f3n, el encuentro cont\u00f3 con la participaci\u00f3n del reci\u00e9n nombrado Subsecretario de Justicia, Ernesto Mu\u00f1oz Lamartine, y la Subsecretaria de Derechos Humanos, Daniela Quintanilla Mateff. Esta instancia reuni\u00f3, por primera vez, a las autoridades nacionales con los Secretarios Regionales<\/p>\n","protected":false},"author":1,"featured_media":4429,"comment_status":"open","ping_status":"open","sticky":false,"template":"","format":"standard","meta":{"footnotes":""},"categories":[1],"tags":[],"class_list":["post-4428","post","type-post","status-publish","format-standard","has-post-thumbnail","hentry","category-noticias-regionales"],"_links":{"self":[{"href":"https:\/\/minutaregional.cl\/index.php?rest_route=\/wp\/v2\/posts\/4428","targetHints":{"allow":["GET"]}}],"collection":[{"href":"https:\/\/minutaregional.cl\/index.php?rest_route=\/wp\/v2\/posts"}],"about":[{"href":"https:\/\/minutaregional.cl\/index.php?rest_route=\/wp\/v2\/types\/post"}],"author":[{"embeddable":true,"href":"https:\/\/minutaregional.cl\/index.php?rest_route=\/wp\/v2\/users\/1"}],"replies":[{"embeddable":true,"href":"https:\/\/minutaregional.cl\/index.php?rest_route=%2Fwp%2Fv2%2Fcomments&post=4428"}],"version-history":[{"count":1,"href":"https:\/\/minutaregional.cl\/index.php?rest_route=\/wp\/v2\/posts\/4428\/revisions"}],"predecessor-version":[{"id":4431,"href":"https:\/\/minutaregional.cl\/index.php?rest_route=\/wp\/v2\/posts\/4428\/revisions\/4431"}],"wp:featuredmedia":[{"embeddable":true,"href":"https:\/\/minutaregional.cl\/index.php?rest_route=\/wp\/v2\/media\/4429"}],"wp:attachment":[{"href":"https:\/\/minutaregional.cl\/index.php?rest_route=%2Fwp%2Fv2%2Fmedia&parent=4428"}],"wp:term":[{"taxonomy":"category","embeddable":true,"href":"https:\/\/minutaregional.cl\/index.php?rest_route=%2Fwp%2Fv2%2Fcategories&post=4428"},{"taxonomy":"post_tag","embeddable":true,"href":"https:\/\/minutaregional.cl\/index.php?rest_route=%2Fwp%2Fv2%2Ftags&post=4428"}],"curies":[{"name":"wp","href":"https:\/\/api.w.org\/{rel}","templated":true}]}}