{"id":4418,"date":"2024-11-07T14:25:02","date_gmt":"2024-11-07T14:25:02","guid":{"rendered":"https:\/\/minutaregional.cl\/?p=4418"},"modified":"2024-11-07T14:27:15","modified_gmt":"2024-11-07T14:27:15","slug":"comunidad-educativa-del-colegio-pedro-pablo-munoz-conocen-detalles-de-la-estrategia-nacional-para-la-erradicacion-del-trabajo-infantil","status":"publish","type":"post","link":"https:\/\/minutaregional.cl\/?p=4418","title":{"rendered":"Comunidad educativa del colegio Pedro Pablo Mu\u00f1oz conocen detalles de la Estrategia Nacional para la Erradicaci\u00f3n del Trabajo Infantil"},"content":{"rendered":"<p><strong>En el marco de las actividades program\u00e1ticas del Comit\u00e9 Regional para la Erradicaci\u00f3n del Trabajo Infantil (CRETI), liderado en la regi\u00f3n por el Seremi del Trabajo y Previsi\u00f3n Social, Francisco Brizuela, se realiz\u00f3 la jornada de concientizaci\u00f3n respecto a la tem\u00e1tica y profundizaci\u00f3n de la actual normativa que proh\u00edbe el trabajo para ni\u00f1os y ni\u00f1as.<\/strong><\/p>\n<p><strong>La jornada, realizada en el colegio Pedro Pablo Mu\u00f1oz de La Higuera, cont\u00f3 con la participaci\u00f3n de padres, madres y apoderados del establecimiento, la concurrencia de representantes de profesores y asistentes de la educaci\u00f3n que se desempe\u00f1an en dicho colegio. Adem\u00e1s de la participaci\u00f3n activa y coordinaci\u00f3n con la Oficina Local de la Ni\u00f1ez de la comuna.<\/strong><\/p>\n<p><strong>Al respecto el Seremi del Trabajo, Francisco Brizuela, valor\u00f3 el inter\u00e9s por parte de la comunidad de abordar la tem\u00e1tica del Trabajo Infantil y explic\u00f3 que \u201cEn el contexto del desarrollo de las actividades del comit\u00e9 regional por la erradicaci\u00f3n del trabajo infantil, estuvimos en el colegio Pedro Pablo Mu\u00f1oz de la comuna de La Higuera, con el prop\u00f3sito de conversar con padres, madres, apoderadas y apoderados y tambi\u00e9n con funcionarios y funcionarias, sobre la importancia de la erradicaci\u00f3n del trabajo infantil y la necesidad de erradicar esas pr\u00e1cticas que est\u00e1n tan arraigadas en nuestra sociedad. Fue una jornada bastante fruct\u00edfera, dado que muchas de las personas que asistieron participaron activamente en la discusi\u00f3n y en la conversaci\u00f3n y se quedaron con la tarea de poder continuar esta conversaci\u00f3n con otros actores que participan en la comunidad\u201d.<\/strong><\/p>\n<p><strong>Jimena Lagos, encargada comunal de la Oficina Local de la Ni\u00f1ez, coment\u00f3 que \u201c<\/strong>iniciativas como estas son fundamentales para restablecer, propiciar y difundir los derechos de los ni\u00f1os, desde la prevenci\u00f3n del trabajo infantil. Siempre con la claridad de explicarle a las personas, ya que es s\u00faper importante que todos entiendan que si solamente trabajamos con los ni\u00f1os no tenemos un trabajo completo, es importante llegar a toda aquella persona que los cuida, que los representa, que pueden ser padres apoderados o cuidadores. Desde ellos generamos todas las prevenciones necesarias para que se lleven a cabo los derechos\u201d.<\/p>\n<p>En la regi\u00f3n de Coquimbo el Seremi del Trabajo preside el Comit\u00e9 Regional para la Erradicaci\u00f3n del Trabajo Infantil cuyo objetivo es dar cumplimiento a las propuestas y metas establecidas en la Estrategia Nacional para la Erradicaci\u00f3n del Trabajo Infantil para los a\u00f1os 2015-2025, \u00a0en dicha instancia participan diferentes Servicios P\u00fablicos como Junji, Mejor Ni\u00f1ez, Seremi de Mujer y Equidad De G\u00e9nero, Integra, Oficinas Locales de Ni\u00f1ez, Carabineros y PDI entre otros.<\/p>\n<p>En Chile el Trabajo Infantil est\u00e1 prohibido, mientras que la Ley 21.271 establece la protecci\u00f3n de los derechos de ni\u00f1os, ni\u00f1as y adolescentes en el mundo del trabajo. La normativa reafirma la prohibici\u00f3n de la contrataci\u00f3n de ni\u00f1os y ni\u00f1as, y define los requisitos para la contrataci\u00f3n de adolescentes con edad de trabajar, establece los trabajos prohibidos y peligrosos para un adolescente, y adem\u00e1s se\u00f1ala las excepciones en que los NNA menores de 15 a\u00f1os pueden suscribir contratos para participar en actividades ligadas al espect\u00e1culo.<\/p>\n","protected":false},"excerpt":{"rendered":"<p>En el marco de las actividades program\u00e1ticas del Comit\u00e9 Regional para la Erradicaci\u00f3n del Trabajo Infantil (CRETI), liderado en la regi\u00f3n por el Seremi del Trabajo y Previsi\u00f3n Social, Francisco Brizuela, se realiz\u00f3 la jornada de concientizaci\u00f3n respecto a la tem\u00e1tica y profundizaci\u00f3n de la actual normativa que proh\u00edbe el<\/p>\n","protected":false},"author":1,"featured_media":4419,"comment_status":"open","ping_status":"open","sticky":false,"template":"","format":"standard","meta":{"footnotes":""},"categories":[1],"tags":[],"class_list":["post-4418","post","type-post","status-publish","format-standard","has-post-thumbnail","hentry","category-noticias-regionales"],"_links":{"self":[{"href":"https:\/\/minutaregional.cl\/index.php?rest_route=\/wp\/v2\/posts\/4418","targetHints":{"allow":["GET"]}}],"collection":[{"href":"https:\/\/minutaregional.cl\/index.php?rest_route=\/wp\/v2\/posts"}],"about":[{"href":"https:\/\/minutaregional.cl\/index.php?rest_route=\/wp\/v2\/types\/post"}],"author":[{"embeddable":true,"href":"https:\/\/minutaregional.cl\/index.php?rest_route=\/wp\/v2\/users\/1"}],"replies":[{"embeddable":true,"href":"https:\/\/minutaregional.cl\/index.php?rest_route=%2Fwp%2Fv2%2Fcomments&post=4418"}],"version-history":[{"count":1,"href":"https:\/\/minutaregional.cl\/index.php?rest_route=\/wp\/v2\/posts\/4418\/revisions"}],"predecessor-version":[{"id":4420,"href":"https:\/\/minutaregional.cl\/index.php?rest_route=\/wp\/v2\/posts\/4418\/revisions\/4420"}],"wp:featuredmedia":[{"embeddable":true,"href":"https:\/\/minutaregional.cl\/index.php?rest_route=\/wp\/v2\/media\/4419"}],"wp:attachment":[{"href":"https:\/\/minutaregional.cl\/index.php?rest_route=%2Fwp%2Fv2%2Fmedia&parent=4418"}],"wp:term":[{"taxonomy":"category","embeddable":true,"href":"https:\/\/minutaregional.cl\/index.php?rest_route=%2Fwp%2Fv2%2Fcategories&post=4418"},{"taxonomy":"post_tag","embeddable":true,"href":"https:\/\/minutaregional.cl\/index.php?rest_route=%2Fwp%2Fv2%2Ftags&post=4418"}],"curies":[{"name":"wp","href":"https:\/\/api.w.org\/{rel}","templated":true}]}}