{"id":4414,"date":"2024-11-07T13:47:37","date_gmt":"2024-11-07T13:47:37","guid":{"rendered":"https:\/\/minutaregional.cl\/?p=4414"},"modified":"2024-11-07T13:47:37","modified_gmt":"2024-11-07T13:47:37","slug":"autoridades-valoran-rs-para-construir-edificio-de-la-futura-carrera-de-medicina-de-la-universidad-de-la-serena","status":"publish","type":"post","link":"https:\/\/minutaregional.cl\/?p=4414","title":{"rendered":"Autoridades valoran RS para construir edificio de la futura carrera de medicina de la Universidad de La Serena"},"content":{"rendered":"<ul>\n<li><strong><em>Con esta recomendaci\u00f3n satisfactoria de parte del Ministerio de Desarrollo Social, se dar\u00eda paso al proceso para ejecutar las obras y, as\u00ed, abrir la carrera en el a\u00f1o 2026. Una inversi\u00f3n superior a los <\/em><\/strong><strong><em>$34.551 millones, que contar\u00e1 con el apoyo del Gobierno Regional para su financiamiento.<\/em><\/strong><\/li>\n<\/ul>\n<p>Como una buena noticia para la regi\u00f3n recibieron las autoridades regionales la entrega de Recomendaci\u00f3n Satisfactoria (RS) informada por el Ministerio de Desarrollo Social a la rectora de la Universidad de La Serena, Luperfina Rojas, para construir el edificio de la futura carrera de medicina de esta casa de estudios.<\/p>\n<p>Se trata de un proyecto cuya inversi\u00f3n supera los $34.551 millones, y que tendr\u00e1 con el apoyo del Gobierno Regional, para lo que el Consejo Regional cuenta con un acuerdo de voluntad pol\u00edtica. Lo anterior, permitir\u00eda la apertura de la nueva carrera de medicina para el a\u00f1o 2026.<\/p>\n<p>Tras participar en la formalizaci\u00f3n de este RS junto a la ministra de Desarrollo Social, Javiera Toro; el subsecretario de Educaci\u00f3n Superior, V\u00edctor Orellana; y la rectora de la Universidad de Chile, Rosa Dev\u00e9s, la rectora de la casa de estudios, Luperfina Rojas, se\u00f1al\u00f3 que \u201ceste es un proyecto es de alto impacto y quiero agradecer especialmente a las autoridades de la regi\u00f3n, al gobernador Darwin Ibacache y el Consejo Regional en su conjunto y a cada uno de sus consejeros de las tres provincias, cuya decisi\u00f3n estrat\u00e9gica de materializar esta iniciativa ha sido esencial para conseguir el apoyo que permitir\u00e1 financiar el desarrollo de este proyecto. Estamos comprometidos a formar profesionales capacitados con gran sentido social y es aqu\u00ed, donde est\u00e1 nuestra gran propuesta de valor, profesionales disponibles para desarrollar su trabajo en el territorio donde se formaron, conectados con las necesidades de su propia comunidad\u00bb.<\/p>\n<p>Por su parte, el gobernador Darwin Ibacache puntualiz\u00f3 que \u201cesta es una recomendaci\u00f3n satisfactoria muy esperada para nuestro Gobierno Regional y para nuestros vecinos, considerando toda la infraestructura hospitalaria que se est\u00e1 construyendo y proyectando en estos \u00faltimos a\u00f1os para nuestra regi\u00f3n. Nosotros hemos estado trabajando en esta iniciativa, a trav\u00e9s de la comisi\u00f3n de Salud y Deportes del CORE, considerando la importancia que este tipo de iniciativas tienen para cambiar la realidad de vida de nuestros vecinos y vecinas\u201d.<\/p>\n<p>Una iniciativa que busca descomprimir el panorama regional de d\u00e9ficit de profesionales del \u00e1mbito de la salud, una situaci\u00f3n que preocupa a\u00fan m\u00e1s considerando la construcci\u00f3n de los nuevos hospitales de La Serena y Coquimbo, recintos de alta complejidad, adem\u00e1s del proyecto para el nuevo hospital provincial de Illapel.<\/p>\n<p>La consejera, Ximena Ampuero, presidenta de la comisi\u00f3n de Salud y Deportes del CORE, calific\u00f3 esta iniciativa como emblem\u00e1tica para la salud regional, puntualizando que \u201choy el d\u00e9ficit de especialistas y subespecialistas en nuestra regi\u00f3n es de aproximadamente 200 m\u00e9dicos y esto nos da la esperanza para seguir aportando como Consejo Regional en infraestructura y que esta misma infraestructura no quede vac\u00eda, sino que tambi\u00e9n proporcionar m\u00e9dicos y profesionales no m\u00e9dicos para la atenci\u00f3n de los usuarios y usuarias de nuestra regi\u00f3n\u201d.<\/p>\n<p>El delegado presidencial, Galo Luna, destac\u00f3 el compromiso del Gobierno Regional y Consejo Regional con la salud de la regi\u00f3n, porque \u201cnos estamos haciendo cargo de un problema para las familias de la Regi\u00f3n de Coquimbo, como es el acceso a la salud. Y esa colaboraci\u00f3n la hemos visto en la construcci\u00f3n del Hospital de Coquimbo, en el caso de Illapel con la implementaci\u00f3n, y ahora con la ayuda para la formaci\u00f3n de la carrera de medicina que, sin duda, viene a entregar una soluci\u00f3n para un d\u00e9ficit importante de m\u00e9dicos que tenemos en la regi\u00f3n\u201d.<\/p>\n<p>El proyecto de infraestructura considera una superficie construida de 18.844 m2, con dos niveles subterr\u00e1neos y cuatro sobre superficie. Se trata de dependencias modernas y altamente equipadas con tecnolog\u00eda de \u00faltima generaci\u00f3n, laboratorios especializados, salas de simulaci\u00f3n cl\u00ednica, \u00e1reas de investigaci\u00f3n, biblioteca, espacios comunes y equipamiento m\u00e9dico avanzado, dise\u00f1ado con criterios de sostenibilidad, eficiencia energ\u00e9tica y accesibilidad, cumpliendo con todas las normativas de calidad vigentes.<\/p>\n<p>Respecto de la futura carrera, el programa contempla un proceso formativo de 12 semestres, incluyendo internados cl\u00ednicos y formaci\u00f3n te\u00f3rica y pr\u00e1ctica, incluyendo actividades en la red asistencial. Respecto del n\u00famero de estudiantes, se estima una matr\u00edcula inicial de 75 estudiantes, con un total proyectado en pleno r\u00e9gimen de 553 estudiantes.<\/p>\n","protected":false},"excerpt":{"rendered":"<p>Con esta recomendaci\u00f3n satisfactoria de parte del Ministerio de Desarrollo Social, se dar\u00eda paso al proceso para ejecutar las obras y, as\u00ed, abrir la carrera en el a\u00f1o 2026. Una inversi\u00f3n superior a los $34.551 millones, que contar\u00e1 con el apoyo del Gobierno Regional para su financiamiento. Como una buena<\/p>\n","protected":false},"author":1,"featured_media":4415,"comment_status":"open","ping_status":"open","sticky":false,"template":"","format":"standard","meta":{"footnotes":""},"categories":[8],"tags":[],"class_list":["post-4414","post","type-post","status-publish","format-standard","has-post-thumbnail","hentry","category-columna-de-opinion"],"_links":{"self":[{"href":"https:\/\/minutaregional.cl\/index.php?rest_route=\/wp\/v2\/posts\/4414","targetHints":{"allow":["GET"]}}],"collection":[{"href":"https:\/\/minutaregional.cl\/index.php?rest_route=\/wp\/v2\/posts"}],"about":[{"href":"https:\/\/minutaregional.cl\/index.php?rest_route=\/wp\/v2\/types\/post"}],"author":[{"embeddable":true,"href":"https:\/\/minutaregional.cl\/index.php?rest_route=\/wp\/v2\/users\/1"}],"replies":[{"embeddable":true,"href":"https:\/\/minutaregional.cl\/index.php?rest_route=%2Fwp%2Fv2%2Fcomments&post=4414"}],"version-history":[{"count":1,"href":"https:\/\/minutaregional.cl\/index.php?rest_route=\/wp\/v2\/posts\/4414\/revisions"}],"predecessor-version":[{"id":4417,"href":"https:\/\/minutaregional.cl\/index.php?rest_route=\/wp\/v2\/posts\/4414\/revisions\/4417"}],"wp:featuredmedia":[{"embeddable":true,"href":"https:\/\/minutaregional.cl\/index.php?rest_route=\/wp\/v2\/media\/4415"}],"wp:attachment":[{"href":"https:\/\/minutaregional.cl\/index.php?rest_route=%2Fwp%2Fv2%2Fmedia&parent=4414"}],"wp:term":[{"taxonomy":"category","embeddable":true,"href":"https:\/\/minutaregional.cl\/index.php?rest_route=%2Fwp%2Fv2%2Fcategories&post=4414"},{"taxonomy":"post_tag","embeddable":true,"href":"https:\/\/minutaregional.cl\/index.php?rest_route=%2Fwp%2Fv2%2Ftags&post=4414"}],"curies":[{"name":"wp","href":"https:\/\/api.w.org\/{rel}","templated":true}]}}