{"id":4386,"date":"2024-10-30T12:55:08","date_gmt":"2024-10-30T12:55:08","guid":{"rendered":"https:\/\/minutaregional.cl\/?p=4386"},"modified":"2024-11-04T12:58:04","modified_gmt":"2024-11-04T12:58:04","slug":"en-86-se-situa-tasa-de-desocupacion-regional-marcando-un-descenso-anual-de-26-puntos-en-el-periodo-julio-septiembre","status":"publish","type":"post","link":"https:\/\/minutaregional.cl\/?p=4386","title":{"rendered":"En 8,6% se sit\u00faa Tasa de Desocupaci\u00f3n Regional marcando un descenso anual de 2,6 puntos en el periodo julio-septiembre"},"content":{"rendered":"<ul>\n<li><strong><em>Los ocupados presentaron el sexto aumento consecutivo. Mientras que los sectores de miner\u00eda, industrias manufactureras y alojamiento y servicio de comidas; fueron los que m\u00e1s aportaron a la creaci\u00f3n del empleo. <\/em><\/strong><\/li>\n<\/ul>\n<p><strong>La estimaci\u00f3n de la Tasa de Desocupaci\u00f3n regional fue 8,6%, registrando una disminuci\u00f3n en 12 meses de 2,6 puntos porcentuales en el trimestre julio-septiembre, producto del alza de personas ocupadas que fue mayor a la presentada por la fuerza de trabajo.<\/strong><\/p>\n<p><strong>Seg\u00fan inform\u00f3 el Instituto Nacional de Estad\u00edsticas (INE) durante el periodo de medici\u00f3n las personas desocupadas descendieron 21,7% (9.980 personas menos), totalizando\u00a0\u00a0\u00a0\u00a0\u00a0\u00a0\u00a0\u00a0\u00a0\u00a0\u00a0\u00a0\u00a0\u00a0\u00a0\u00a0\u00a0\u00a0\u00a0\u00a0\u00a0\u00a0\u00a0\u00a0\u00a0\u00a0\u00a0\u00a0\u00a0\u00a0\u00a0\u00a0\u00a0\u00a0\u00a0 36.000 personas, siendo \u00e9sta la s\u00e9ptima disminuci\u00f3n consecutiva. Mientras que los ocupados registraron el sexto aumento consecutivo totalizando 383.500 personas.<\/strong><\/p>\n<p><strong>Al respecto el Seremi del Trabajo, Francisco Brizuela, explic\u00f3 que \u201cson cifras alentadoras para el panorama econ\u00f3mico y del empleo de la regi\u00f3n donde se da cuenta de un aumento importante en el n\u00famero de ocupados y la recuperaci\u00f3n de m\u00e1s de 19.600 empleos en comparaci\u00f3n con el mismo el periodo del a\u00f1o anterior, donde la tasa de desocupaci\u00f3n superaba la barrera de dos d\u00edgitos. Esto nos insta a continuar desarrollando la planificaci\u00f3n de creaci\u00f3n de escenarios propicios para la inversi\u00f3n y creaci\u00f3n de puestos de trabajos con la articulaci\u00f3n p\u00fablico y privada, que desde el Gobierno hemos estado intencionado con el objetivo de materializar el mejoramiento de la calidad de vida de las y los trabajadores y sus familias\u201d.<\/strong><\/p>\n<p><strong>Seg\u00fan sector econ\u00f3mico, el aumento de la poblaci\u00f3n ocupada (5,4%) fue influida, principalmente por miner\u00eda (9,0%), industrias manufactureras (12,7%) y alojamiento y servicio de comidas (14,7%). En doce meses, el aumento de la poblaci\u00f3n ocupada (5,4%) fue influenciado por personas trabajadoras por cuenta propia (17,4%) y asalariadas informales (9,1%).<\/strong><\/p>\n<p><strong>En este sentido la autoridad laboral destac\u00f3 el aumento de los empleos formales en la regi\u00f3n y dijo que \u201cde los 19.600 empleos creados en el periodo de medici\u00f3n, m\u00e1s 13.200 son empleos formales. Algo muy positivo que debemos resaltar y que por otra parte nos pone el desaf\u00edo de continuar potenciando los canales de apoyo por parte del Ministerio del Trabajo para fomentar el acceso a capacitaci\u00f3n en diferentes \u00e1reas con el objetivo de entregar m\u00e1s y mejores herramientas a quienes ingresan al mundo del trabajo\u201d.<\/strong><\/p>\n<p><strong>En el an\u00e1lisis por territorio de mayor a menor tasa de desocupaci\u00f3n, las regiones de La Araucan\u00eda (10,9%), \u00d1uble (10,6%), y O\u00b4Higgins (9,2%) consignaron los primeros lugares. Coquimbo (8,6%) ocup\u00f3 el d\u00e9cimo lugar. En tanto, las menores tasas fueron registradas por las regiones de Ays\u00e9n (4,4%) y Magallanes (5,0%).\u00a0\u00a0\u00a0\u00a0\u00a0\u00a0\u00a0\u00a0 <\/strong><\/p>\n<p><strong>En el periodo de an\u00e1lisis, la tasa de desocupaci\u00f3n de la provincia de Limar\u00ed fue de 7,2%, registrando un descenso de 2,9 pp. Mientras que en Elqui <\/strong>se registr\u00f3 un descenso de 3,0 pp; situ\u00e1ndose en 9,1%.<\/p>\n","protected":false},"excerpt":{"rendered":"<p>Los ocupados presentaron el sexto aumento consecutivo. Mientras que los sectores de miner\u00eda, industrias manufactureras y alojamiento y servicio de comidas; fueron los que m\u00e1s aportaron a la creaci\u00f3n del empleo. La estimaci\u00f3n de la Tasa de Desocupaci\u00f3n regional fue 8,6%, registrando una disminuci\u00f3n en 12 meses de 2,6 puntos<\/p>\n","protected":false},"author":1,"featured_media":4387,"comment_status":"open","ping_status":"open","sticky":false,"template":"","format":"standard","meta":{"footnotes":""},"categories":[1],"tags":[],"class_list":["post-4386","post","type-post","status-publish","format-standard","has-post-thumbnail","hentry","category-noticias-regionales"],"_links":{"self":[{"href":"https:\/\/minutaregional.cl\/index.php?rest_route=\/wp\/v2\/posts\/4386","targetHints":{"allow":["GET"]}}],"collection":[{"href":"https:\/\/minutaregional.cl\/index.php?rest_route=\/wp\/v2\/posts"}],"about":[{"href":"https:\/\/minutaregional.cl\/index.php?rest_route=\/wp\/v2\/types\/post"}],"author":[{"embeddable":true,"href":"https:\/\/minutaregional.cl\/index.php?rest_route=\/wp\/v2\/users\/1"}],"replies":[{"embeddable":true,"href":"https:\/\/minutaregional.cl\/index.php?rest_route=%2Fwp%2Fv2%2Fcomments&post=4386"}],"version-history":[{"count":1,"href":"https:\/\/minutaregional.cl\/index.php?rest_route=\/wp\/v2\/posts\/4386\/revisions"}],"predecessor-version":[{"id":4388,"href":"https:\/\/minutaregional.cl\/index.php?rest_route=\/wp\/v2\/posts\/4386\/revisions\/4388"}],"wp:featuredmedia":[{"embeddable":true,"href":"https:\/\/minutaregional.cl\/index.php?rest_route=\/wp\/v2\/media\/4387"}],"wp:attachment":[{"href":"https:\/\/minutaregional.cl\/index.php?rest_route=%2Fwp%2Fv2%2Fmedia&parent=4386"}],"wp:term":[{"taxonomy":"category","embeddable":true,"href":"https:\/\/minutaregional.cl\/index.php?rest_route=%2Fwp%2Fv2%2Fcategories&post=4386"},{"taxonomy":"post_tag","embeddable":true,"href":"https:\/\/minutaregional.cl\/index.php?rest_route=%2Fwp%2Fv2%2Ftags&post=4386"}],"curies":[{"name":"wp","href":"https:\/\/api.w.org\/{rel}","templated":true}]}}