{"id":4377,"date":"2024-10-29T13:16:59","date_gmt":"2024-10-29T13:16:59","guid":{"rendered":"https:\/\/minutaregional.cl\/?p=4377"},"modified":"2024-10-29T13:16:59","modified_gmt":"2024-10-29T13:16:59","slug":"senda-presenta-decalogo-de-derechos-para-personas-en-recuperacion-del-consumo-de-drogas","status":"publish","type":"post","link":"https:\/\/minutaregional.cl\/?p=4377","title":{"rendered":"SENDA presenta Dec\u00e1logo de Derechos  para personas en recuperaci\u00f3n del consumo de drogas"},"content":{"rendered":"<ul>\n<li><strong><em>Este documento representa un avance significativo en el enfoque de derechos humanos que la instituci\u00f3n promueve en sus pol\u00edticas y programas de prevenci\u00f3n y recuperaci\u00f3n del consumo problem\u00e1tico de sustancias. <\/em><\/strong><\/li>\n<\/ul>\n<p>En el marco del Mes de la Recuperaci\u00f3n, el Servicio Nacional para la Prevenci\u00f3n y Rehabilitaci\u00f3n del Consumo de Drogas y Alcohol (SENDA) present\u00f3 el <strong>Dec\u00e1logo de Derechos de las Personas Usuarias de Programas de Recuperaci\u00f3n<\/strong>, una herramienta que busca consolidar la protecci\u00f3n y promoci\u00f3n de los derechos humanos de las personas en tratamiento y recuperaci\u00f3n por consumo problem\u00e1tico de alcohol y otras drogas.<\/p>\n<p>La actividad, realizada en el Centro de Tratamiento Saint Germain de La Serena, permiti\u00f3 dialogar y conocer la opini\u00f3n y experiencias de personas que actualmente participan en programas de recuperaci\u00f3n.<\/p>\n<p>El director regional de SENDA, Rodrigo Maturana, destac\u00f3 que este dec\u00e1logo es una herramienta m\u00e1s para garantizar que la atenci\u00f3n sea integral, respetuosa y basada en los derechos humanos.<\/p>\n<p>\u201cLas personas en proceso de recuperaci\u00f3n son titulares plenos de sus derechos y nuestro compromiso es garantizar que cada uno de estos derechos sean respetados desde el acceso igualitario a la salud hasta la participaci\u00f3n activa en sus tratamientos\u201d, se\u00f1al\u00f3.<\/p>\n<p><strong>Dec\u00e1logo de Derechos<\/strong><\/p>\n<p>El <strong>Dec\u00e1logo de Derechos de las Personas Usuarias de Programas de Recuperaci\u00f3n<\/strong> establece nueve derechos y un deber. Estos son principios que garantizan el respeto y la dignidad de quienes participan en el proceso de recuperaci\u00f3n, y cada uno est\u00e1 acompa\u00f1ado de una explicaci\u00f3n que detalla su alcance y aplicaci\u00f3n:<\/p>\n<ol>\n<li>Derecho a la salud f\u00edsica y mental: acceso en igualdad de condiciones a programas de recuperaci\u00f3n y prestaciones de calidad.<\/li>\n<li>Derecho a la igualdad y no discriminaci\u00f3n: libre de cualquier forma de discriminaci\u00f3n, con pleno respeto a su identidad y dignidad.<\/li>\n<li>Derecho a la integridad f\u00edsica y ps\u00edquica: recibir un trato respetuoso, sin maltratos ni tratos degradantes durante todo el proceso.<\/li>\n<li>Derecho a la libertad de expresi\u00f3n, opini\u00f3n y a recibir informaci\u00f3n: poder expresar su opini\u00f3n sobre los programas y recibir informaci\u00f3n clara y comprensible.<\/li>\n<li>Derecho a la honra y vida privada: protecci\u00f3n de la privacidad y confidencialidad en el tratamiento y recuperaci\u00f3n.<\/li>\n<li>Derecho a la autonom\u00eda personal o libre determinaci\u00f3n: tomar decisiones libres y conscientes respecto a su proceso de recuperaci\u00f3n.<\/li>\n<li>Derecho a la participaci\u00f3n social y cultural: participar activamente en la planificaci\u00f3n y ejecuci\u00f3n de su proceso de recuperaci\u00f3n.<\/li>\n<li>Derecho a la seguridad y protecci\u00f3n social: acceso a una atenci\u00f3n adecuada en salud y protecci\u00f3n social para su reintegraci\u00f3n.<\/li>\n<li>Derecho a un proceso de recuperaci\u00f3n libre de cargas personales: recibir un tratamiento accesible sin requisitos excesivos ni cargas desproporcionadas.<\/li>\n<\/ol>\n<ul>\n<li>Deber de respeto al personal que participa en los programas de recuperaci\u00f3n: respetar a los profesionales y t\u00e9cnicos que participan en los programas de recuperaci\u00f3n.<\/li>\n<\/ul>\n<p>La iniciativa forma parte de las actividades del Mes de la Recuperaci\u00f3n 2024, con las que SENDA busca sensibilizar a la poblaci\u00f3n sobre la importancia del tratamiento del consumo problem\u00e1tico y la integraci\u00f3n social de quienes han finalizado procesos terap\u00e9uticos.<\/p>\n","protected":false},"excerpt":{"rendered":"<p>Este documento representa un avance significativo en el enfoque de derechos humanos que la instituci\u00f3n promueve en sus pol\u00edticas y programas de prevenci\u00f3n y recuperaci\u00f3n del consumo problem\u00e1tico de sustancias. En el marco del Mes de la Recuperaci\u00f3n, el Servicio Nacional para la Prevenci\u00f3n y Rehabilitaci\u00f3n del Consumo de Drogas<\/p>\n","protected":false},"author":1,"featured_media":4379,"comment_status":"open","ping_status":"open","sticky":false,"template":"","format":"standard","meta":{"footnotes":""},"categories":[53],"tags":[],"class_list":["post-4377","post","type-post","status-publish","format-standard","has-post-thumbnail","hentry","category-senda"],"_links":{"self":[{"href":"https:\/\/minutaregional.cl\/index.php?rest_route=\/wp\/v2\/posts\/4377","targetHints":{"allow":["GET"]}}],"collection":[{"href":"https:\/\/minutaregional.cl\/index.php?rest_route=\/wp\/v2\/posts"}],"about":[{"href":"https:\/\/minutaregional.cl\/index.php?rest_route=\/wp\/v2\/types\/post"}],"author":[{"embeddable":true,"href":"https:\/\/minutaregional.cl\/index.php?rest_route=\/wp\/v2\/users\/1"}],"replies":[{"embeddable":true,"href":"https:\/\/minutaregional.cl\/index.php?rest_route=%2Fwp%2Fv2%2Fcomments&post=4377"}],"version-history":[{"count":1,"href":"https:\/\/minutaregional.cl\/index.php?rest_route=\/wp\/v2\/posts\/4377\/revisions"}],"predecessor-version":[{"id":4380,"href":"https:\/\/minutaregional.cl\/index.php?rest_route=\/wp\/v2\/posts\/4377\/revisions\/4380"}],"wp:featuredmedia":[{"embeddable":true,"href":"https:\/\/minutaregional.cl\/index.php?rest_route=\/wp\/v2\/media\/4379"}],"wp:attachment":[{"href":"https:\/\/minutaregional.cl\/index.php?rest_route=%2Fwp%2Fv2%2Fmedia&parent=4377"}],"wp:term":[{"taxonomy":"category","embeddable":true,"href":"https:\/\/minutaregional.cl\/index.php?rest_route=%2Fwp%2Fv2%2Fcategories&post=4377"},{"taxonomy":"post_tag","embeddable":true,"href":"https:\/\/minutaregional.cl\/index.php?rest_route=%2Fwp%2Fv2%2Ftags&post=4377"}],"curies":[{"name":"wp","href":"https:\/\/api.w.org\/{rel}","templated":true}]}}