{"id":4354,"date":"2024-10-24T15:26:16","date_gmt":"2024-10-24T15:26:16","guid":{"rendered":"https:\/\/minutaregional.cl\/?p=4354"},"modified":"2024-10-24T15:26:16","modified_gmt":"2024-10-24T15:26:16","slug":"aguas-del-valle-inaugura-moderna-planta-de-tratamiento-de-aguas-servidas-para-vicuna","status":"publish","type":"post","link":"https:\/\/minutaregional.cl\/?p=4354","title":{"rendered":"Aguas del Valle inaugura moderna planta de tratamiento de aguas servidas para Vicu\u00f1a"},"content":{"rendered":"<ul>\n<li><strong><em>La sanitaria invirti\u00f3 US$ 9,5 millones en las instalaciones, que beneficiar\u00e1n a la comuna y los APR de San Isidro y Calingasta.<\/em><\/strong><\/li>\n<\/ul>\n<p>Aguas del Valle celebr\u00f3, con la presencia de la ministra de Obras P\u00fablicas, Jessica L\u00f3pez, la inauguraci\u00f3n de la nueva planta de tratamiento de aguas servidas en Vicu\u00f1a. El proyecto moderniz\u00f3 la planta existente y requiri\u00f3 la inversi\u00f3n de US$ 9,5 millones.<\/p>\n<p>El recinto aumentar\u00e1 la capacidad de tratamiento en m\u00e1s de 100% y beneficiar\u00e1 a m\u00e1s de 7.500 hogares en la comuna de Vicu\u00f1a y las APR de San Isidro y Calingasta, que es el crecimiento proyectado para la zona a 2037.<\/p>\n<p>La ministra de Obras P\u00fablicas, Jessica L\u00f3pez, quien encabez\u00f3 la inauguraci\u00f3n, destac\u00f3 los avances que ha permitido la asociaci\u00f3n p\u00fablico-privada en materia de saneamiento. \u201cHoy en todas las ciudades de Chile tenemos agua potable en cantidad, calidad y continuidad y se cumple con el derecho humano al agua. El agua y el tratamiento es un desaf\u00edo permanente y diario. Cada vez que incorporamos nuevas tecnolog\u00edas nos permiten hacer un mejor uso a estas aguas\u201d, dijo.<\/p>\n<p>El gerente general de Aguas del Valle, Jos\u00e9 Luis Murillo, se\u00f1al\u00f3 que este fue un proyecto \u201cmuy desafiante, ya que el saneamiento de Vicu\u00f1a depende completamente de esta planta. Por ello, se avanz\u00f3 con las obras de modernizaci\u00f3n en paralelo, garantizando su operaci\u00f3n ininterrumpida. Ahora contamos con un sistema m\u00e1s avanzado y con un mejor control de olores, lo que representa un beneficio para toda la comunidad\u201d.<\/p>\n<p>El alcalde de Vicu\u00f1a, Rafael Vera, valor\u00f3 el avance. \u201cSe trata de una de las inversiones m\u00e1s importantes de los \u00faltimos 30 a\u00f1os para la comuna. Esto es muy significativo para todos los vecinos vivan con dignidad. Estamos agradecidos de la empresa y del Estado de Chile por tomar en consideraci\u00f3n las necesidades de nuestros vecinos\u201d, coment\u00f3 y destac\u00f3 que el di\u00e1logo haya prevalecido durante el proceso de dise\u00f1o y construcci\u00f3n.<\/p>\n<p>Para el Delegado Presidencial, Galo Luna, lo fundamental es seguir profundizando ese trabajo mancomunado entre la alianza p\u00fablico-privada, \u201ccon todos los actores que participan y usan esta agua, tanto para el consumo humano como para la agricultura. Y contamos con el compromiso de Aguas del Valle. Estamos siguiendo un trabajo con especial \u00e9nfasis en Elqui y sabemos que se va a seguir desarrollando para lograr este equilibrio y sacar la regi\u00f3n adelante, que es lo que nos interesa a todos\u201d<\/p>\n<p><strong>Detalles del proyecto<\/strong><\/p>\n<p>La planta puede tratar un caudal medio diario de 51 litros por segundo (l\/s) y m\u00e1ximo de 119 l\/s. Adem\u00e1s, cuenta con tecnolog\u00eda de lodos activados con modalidad de aireaci\u00f3n extendida, proceso en que microorganismos depuran el agua residual.<\/p>\n<p>Esta innovaci\u00f3n es altamente eficiente en la remoci\u00f3n de nutrientes y de carga org\u00e1nica y tiene gran capacidad de adaptaci\u00f3n frente a variaciones de caudal, especialmente para lugares en los que el volumen var\u00eda constantemente, como sucede en Vicu\u00f1a con las \u00e9pocas estivales y otras festividades.<\/p>\n<p>La planta cuenta con un nuevo sistema de tratamiento de olores en base a biofiltros.<\/p>\n","protected":false},"excerpt":{"rendered":"<p>La sanitaria invirti\u00f3 US$ 9,5 millones en las instalaciones, que beneficiar\u00e1n a la comuna y los APR de San Isidro y Calingasta. Aguas del Valle celebr\u00f3, con la presencia de la ministra de Obras P\u00fablicas, Jessica L\u00f3pez, la inauguraci\u00f3n de la nueva planta de tratamiento de aguas servidas en Vicu\u00f1a.<\/p>\n","protected":false},"author":1,"featured_media":4355,"comment_status":"open","ping_status":"open","sticky":false,"template":"","format":"standard","meta":{"footnotes":""},"categories":[45],"tags":[],"class_list":["post-4354","post","type-post","status-publish","format-standard","has-post-thumbnail","hentry","category-aguas-del-valle"],"_links":{"self":[{"href":"https:\/\/minutaregional.cl\/index.php?rest_route=\/wp\/v2\/posts\/4354","targetHints":{"allow":["GET"]}}],"collection":[{"href":"https:\/\/minutaregional.cl\/index.php?rest_route=\/wp\/v2\/posts"}],"about":[{"href":"https:\/\/minutaregional.cl\/index.php?rest_route=\/wp\/v2\/types\/post"}],"author":[{"embeddable":true,"href":"https:\/\/minutaregional.cl\/index.php?rest_route=\/wp\/v2\/users\/1"}],"replies":[{"embeddable":true,"href":"https:\/\/minutaregional.cl\/index.php?rest_route=%2Fwp%2Fv2%2Fcomments&post=4354"}],"version-history":[{"count":1,"href":"https:\/\/minutaregional.cl\/index.php?rest_route=\/wp\/v2\/posts\/4354\/revisions"}],"predecessor-version":[{"id":4356,"href":"https:\/\/minutaregional.cl\/index.php?rest_route=\/wp\/v2\/posts\/4354\/revisions\/4356"}],"wp:featuredmedia":[{"embeddable":true,"href":"https:\/\/minutaregional.cl\/index.php?rest_route=\/wp\/v2\/media\/4355"}],"wp:attachment":[{"href":"https:\/\/minutaregional.cl\/index.php?rest_route=%2Fwp%2Fv2%2Fmedia&parent=4354"}],"wp:term":[{"taxonomy":"category","embeddable":true,"href":"https:\/\/minutaregional.cl\/index.php?rest_route=%2Fwp%2Fv2%2Fcategories&post=4354"},{"taxonomy":"post_tag","embeddable":true,"href":"https:\/\/minutaregional.cl\/index.php?rest_route=%2Fwp%2Fv2%2Ftags&post=4354"}],"curies":[{"name":"wp","href":"https:\/\/api.w.org\/{rel}","templated":true}]}}