{"id":4333,"date":"2024-10-22T02:43:06","date_gmt":"2024-10-22T02:43:06","guid":{"rendered":"https:\/\/minutaregional.cl\/?p=4333"},"modified":"2024-10-22T03:01:46","modified_gmt":"2024-10-22T03:01:46","slug":"a-lo-superman-alcalde-ali-manouchehri-frustra-robo-en-coquimbo","status":"publish","type":"post","link":"https:\/\/minutaregional.cl\/?p=4333","title":{"rendered":"A lo Superm\u00e1n : Alcalde Ali Manouchehri Frustra Robo en Coquimbo"},"content":{"rendered":"<p>En un acto de valent\u00eda, el Alcalde de Coquimbo Ali Manouchehri defendi\u00f3 a un transe\u00fante de un asalto en un patio de comidas, a plena luz del d\u00eda.<\/p>\n<p>De acuerdo al registro, tres sujetos se acercaron a una persona intimid\u00e1ndolo con amenazas verbales y con un golpe en el rostro, con el fin de robarle sua pertenencias.<\/p>\n<p>En medio de esa acci\u00f3n, apareci\u00f3 el alcalde Manouchehri para ahuyentar a los delincuentes, quienes no lograron sustraer las pertenencias de la v\u00edctima.<\/p>\n<p>Cabe destacar que la gesti\u00f3n como alcalde de Manouchehri, quien asumi\u00f3 la municipalidad con 40.000 millones en deudas de la gesti\u00f3n anterior, ha estado caracterizada por una recuperaci\u00f3n de espacios p\u00fablicos, el fin del comercio ambulante en el centro y una f\u00e9rrea lucha en contra de la corrupci\u00f3n.<\/p>\n<p>Se espera que este domingo Manouchehri est\u00e9 entre las primeras mayor\u00edas a nivel nacional.<\/p>\n<p>&nbsp;<\/p>\n<p>&nbsp;<\/p>\n","protected":false},"excerpt":{"rendered":"<p>En un acto de valent\u00eda, el Alcalde de Coquimbo Ali Manouchehri defendi\u00f3 a un transe\u00fante de un asalto en un patio de comidas, a plena luz del d\u00eda. De acuerdo al registro, tres sujetos se acercaron a una persona intimid\u00e1ndolo con amenazas verbales y con un golpe en el rostro,<\/p>\n","protected":false},"author":1,"featured_media":4334,"comment_status":"closed","ping_status":"open","sticky":false,"template":"","format":"standard","meta":{"footnotes":""},"categories":[1],"tags":[],"class_list":["post-4333","post","type-post","status-publish","format-standard","has-post-thumbnail","hentry","category-noticias-regionales"],"_links":{"self":[{"href":"https:\/\/minutaregional.cl\/index.php?rest_route=\/wp\/v2\/posts\/4333","targetHints":{"allow":["GET"]}}],"collection":[{"href":"https:\/\/minutaregional.cl\/index.php?rest_route=\/wp\/v2\/posts"}],"about":[{"href":"https:\/\/minutaregional.cl\/index.php?rest_route=\/wp\/v2\/types\/post"}],"author":[{"embeddable":true,"href":"https:\/\/minutaregional.cl\/index.php?rest_route=\/wp\/v2\/users\/1"}],"replies":[{"embeddable":true,"href":"https:\/\/minutaregional.cl\/index.php?rest_route=%2Fwp%2Fv2%2Fcomments&post=4333"}],"version-history":[{"count":4,"href":"https:\/\/minutaregional.cl\/index.php?rest_route=\/wp\/v2\/posts\/4333\/revisions"}],"predecessor-version":[{"id":4339,"href":"https:\/\/minutaregional.cl\/index.php?rest_route=\/wp\/v2\/posts\/4333\/revisions\/4339"}],"wp:featuredmedia":[{"embeddable":true,"href":"https:\/\/minutaregional.cl\/index.php?rest_route=\/wp\/v2\/media\/4334"}],"wp:attachment":[{"href":"https:\/\/minutaregional.cl\/index.php?rest_route=%2Fwp%2Fv2%2Fmedia&parent=4333"}],"wp:term":[{"taxonomy":"category","embeddable":true,"href":"https:\/\/minutaregional.cl\/index.php?rest_route=%2Fwp%2Fv2%2Fcategories&post=4333"},{"taxonomy":"post_tag","embeddable":true,"href":"https:\/\/minutaregional.cl\/index.php?rest_route=%2Fwp%2Fv2%2Ftags&post=4333"}],"curies":[{"name":"wp","href":"https:\/\/api.w.org\/{rel}","templated":true}]}}