{"id":4330,"date":"2024-10-21T19:19:58","date_gmt":"2024-10-21T19:19:58","guid":{"rendered":"https:\/\/minutaregional.cl\/?p=4330"},"modified":"2024-10-21T19:19:58","modified_gmt":"2024-10-21T19:19:58","slug":"decenas-de-familias-realizan-un-nuevo-encuentro-del-programa-ecologico-en-salud-mental-comunitaria","status":"publish","type":"post","link":"https:\/\/minutaregional.cl\/?p=4330","title":{"rendered":"Decenas de familias realizan un nuevo Encuentro del Programa Ecol\u00f3gico en Salud Mental Comunitaria"},"content":{"rendered":"<ul>\n<li><strong><em>Las redes de apoyo y los grupos de autoayuda tienen un rol fundamental en los procesos de sanaci\u00f3n. Esta iniciativa comenz\u00f3 en 2005 y se implementa a lo largo de toda la Regi\u00f3n de Coquimbo. <\/em><\/strong><\/li>\n<\/ul>\n<p>M\u00e1s de 120 personas de distintos puntos del territorio se trasladaron hasta la comuna de Punitaqui para participar del XV Encuentro Regional de Grupos de Autoayuda Multifamiliar del Programa Ecol\u00f3gico en Salud Mental Comunitaria. Una instancia de reuni\u00f3n donde se comparten experiencias y que tiene como fin encontrar espacios de mejora para esta transformadora estrategia, que cada a\u00f1o, busca cambiar vidas.<\/p>\n<p>David Flores es parte del programa desde 2018 y se ha formado para convertirse en un trabajador comunitario de Salud Mental. \u201cA m\u00ed esto me ha ayudado bastante porque mi vida pasada, fue de puras malas decisiones y he estado cambiando esas conductas. Me encontr\u00e9 conmigo mismo, me mir\u00e9 al espejo y dije \u00b4este es el que realmente soy yo\u00b4 y ahora, estoy saliendo adelante junto a mi familia y otras familias tambi\u00e9n, con fe y esperanza\u201d, expres\u00f3 el joven.<\/p>\n<p>Por su parte, Beatriz Alquinta, hace 30 a\u00f1os forma parte de esta estrategia y en la oportunidad, afirm\u00f3 que \u201caqu\u00ed nosotros no nos damos consejos. T\u00fa tienes que ver tu propia vida, a mi eso me doli\u00f3 la guata muchas veces, porque uno ve que hay otras familias que son muy parecidas a la de uno y dices \u00b4ya no m\u00e1s\u00b4, yo tengo que cambiar y a eso es a lo que te invitan ac\u00e1\u201d.<\/p>\n<p>El Programa Ecol\u00f3gico en Salud Mental Comunitaria funciona en Chile desde 1991 y considera a la familia como la principal unidad de trabajo, promoviendo la educaci\u00f3n de ellas mismas para transformarse en autogestores participativos y responsables de su salud y la de sus seres queridos. Su labor es apoyada por trabajadores comunitarios e incluye diversos segmentos que favorecen la participaci\u00f3n y generaci\u00f3n de oportunidades para mejorar su calidad de vida.<\/p>\n<p>Ernesto Jorquera, Director del Servicio de Salud Coquimbo, explic\u00f3 que \u201ceste es un programa que ac\u00e1 en la regi\u00f3n parti\u00f3 el a\u00f1o 2005 y que tiene que ver con integrar a la familia a los procesos de intervenci\u00f3n para subsanar problemas de salud mental y adicciones. En la medida que cada familia se hace cargo, y se une a otras familias, hay resultados, siendo agentes de su propia recuperaci\u00f3n. Los profesionales trabajan junto a personas de la propia comunidad, monitores comunitarios que ayudan a autogestionar el trabajo. Este es el encuentro anual de un trabajo permanente en toda la regi\u00f3n,<\/p>\n<p>En tanto, Adriana V\u00e9liz, Directora Nacional del Programa Ecol\u00f3gico Multifamiliar del Ministerio de Salud, indic\u00f3 que el nombre de la estrategia surge porque \u201cautores hicieron la transformaci\u00f3n de la ecolog\u00eda ambiental y la ecolog\u00eda mental, lo que quiere decir que todas aquellas \u00b4mugres\u00b4, \u00b4suciedades\u00b4 o experiencias traum\u00e1ticas, dif\u00edciles &#8211; que son como la basura &#8211; sean transformadas, recicladas y llevadas a algo \u00fatil para las personas\u201d.<\/p>\n<p>El programa est\u00e1 presente en 13 comunas de la regi\u00f3n y a la fecha, ha permitido la implementaci\u00f3n de 53 grupos de autoayuda multifamiliares, 7 Escuelas de Primer Nivel, una de Segundo Nivel Regional, una Fonda Blanca y diversos comit\u00e9s autogestores locales, comunales y regionales.<\/p>\n","protected":false},"excerpt":{"rendered":"<p>Las redes de apoyo y los grupos de autoayuda tienen un rol fundamental en los procesos de sanaci\u00f3n. Esta iniciativa comenz\u00f3 en 2005 y se implementa a lo largo de toda la Regi\u00f3n de Coquimbo. M\u00e1s de 120 personas de distintos puntos del territorio se trasladaron hasta la comuna de<\/p>\n","protected":false},"author":1,"featured_media":4331,"comment_status":"open","ping_status":"open","sticky":false,"template":"","format":"standard","meta":{"footnotes":""},"categories":[7],"tags":[],"class_list":["post-4330","post","type-post","status-publish","format-standard","has-post-thumbnail","hentry","category-serviciospublicos"],"_links":{"self":[{"href":"https:\/\/minutaregional.cl\/index.php?rest_route=\/wp\/v2\/posts\/4330","targetHints":{"allow":["GET"]}}],"collection":[{"href":"https:\/\/minutaregional.cl\/index.php?rest_route=\/wp\/v2\/posts"}],"about":[{"href":"https:\/\/minutaregional.cl\/index.php?rest_route=\/wp\/v2\/types\/post"}],"author":[{"embeddable":true,"href":"https:\/\/minutaregional.cl\/index.php?rest_route=\/wp\/v2\/users\/1"}],"replies":[{"embeddable":true,"href":"https:\/\/minutaregional.cl\/index.php?rest_route=%2Fwp%2Fv2%2Fcomments&post=4330"}],"version-history":[{"count":1,"href":"https:\/\/minutaregional.cl\/index.php?rest_route=\/wp\/v2\/posts\/4330\/revisions"}],"predecessor-version":[{"id":4332,"href":"https:\/\/minutaregional.cl\/index.php?rest_route=\/wp\/v2\/posts\/4330\/revisions\/4332"}],"wp:featuredmedia":[{"embeddable":true,"href":"https:\/\/minutaregional.cl\/index.php?rest_route=\/wp\/v2\/media\/4331"}],"wp:attachment":[{"href":"https:\/\/minutaregional.cl\/index.php?rest_route=%2Fwp%2Fv2%2Fmedia&parent=4330"}],"wp:term":[{"taxonomy":"category","embeddable":true,"href":"https:\/\/minutaregional.cl\/index.php?rest_route=%2Fwp%2Fv2%2Fcategories&post=4330"},{"taxonomy":"post_tag","embeddable":true,"href":"https:\/\/minutaregional.cl\/index.php?rest_route=%2Fwp%2Fv2%2Ftags&post=4330"}],"curies":[{"name":"wp","href":"https:\/\/api.w.org\/{rel}","templated":true}]}}