{"id":4327,"date":"2024-10-21T18:16:34","date_gmt":"2024-10-21T18:16:34","guid":{"rendered":"https:\/\/minutaregional.cl\/?p=4327"},"modified":"2024-10-21T18:16:34","modified_gmt":"2024-10-21T18:16:34","slug":"25-usuarios-del-centro-de-reinsercion-social-de-la-serena-se-capacitaron-en-oficios-de-alta-empleabilidad","status":"publish","type":"post","link":"https:\/\/minutaregional.cl\/?p=4327","title":{"rendered":"25 usuarios del Centro de Reinserci\u00f3n Social de La Serena se capacitaron en oficios de alta empleabilidad"},"content":{"rendered":"<p>En esa l\u00ednea, el programa transferencias al sector p\u00fablico del Sence, en convenio con Gendarmer\u00eda de Chile (y otras instituciones), permite a los usuarios el acceso a capacitaci\u00f3n formal y enfocada en oficios de alta empleabilidad.<\/p>\n<p>Es as\u00ed como recientemente 25 usuarios del Centro de Reinserci\u00f3n Social (CRS) de La Serena finalizaron de manera exitosa los cursos de maestro de cocina y t\u00e9cnicas de soldadura al arco voltaico, ejecutado por medio del programa de transferencias al sector p\u00fablico, y dirigido a beneficiarios del sistema abierto (postpenitenciario).<\/p>\n<p>Los\/as alumnos egresados\/a, fueron certificados tras completar un curso impartido gracias al Servicio Nacional de Capacitaci\u00f3n y Empleo (SENCE) y Gendarmer\u00eda de Chile.<\/p>\n<p><strong>En esa l\u00ednea, la Seremi de Justicia y Derechos Humanos, Mar\u00eda Jos\u00e9 Rojas Erbetta, <\/strong>destac\u00f3 que actividades como estas contribuyen a brindar oportunidades y felicit\u00f3 a los usuarios por el logro conseguido, \u201cestas capacitaciones, orientadas a personas del sistema abierto postpenitenciario, no solo fomentan la reinserci\u00f3n social, sino que tambi\u00e9n abren nuevas oportunidades laborales que impactan directamente en la calidad de vida de los beneficiados y sus familias. A trav\u00e9s de estas herramientas, se facilita su integraci\u00f3n en el mundo laboral, brind\u00e1ndoles mayores posibilidades de estabilidad y desarrollo personal. La colaboraci\u00f3n entre el sector p\u00fablico y privado es clave en este proceso, ya que permite combinar recursos y conocimientos para ofrecer formaciones relevantes y de alta empleabilidad, ampliando las oportunidades para una reinserci\u00f3n efectiva\u201d.<\/p>\n<p><strong>Al respecto, la directora regional (s), coronel Elizabeth Ramos dijo que<\/strong>, \u201cestas instancias son oportunidades reales de reinserci\u00f3n social para nuestros usuarios, impulsar los cambios necesarios de personas que buscan salir adelante con esfuerzo y la asistencia que se les brinda en esta oportunidad\u201d.<\/p>\n","protected":false},"excerpt":{"rendered":"<p>En esa l\u00ednea, el programa transferencias al sector p\u00fablico del Sence, en convenio con Gendarmer\u00eda de Chile (y otras instituciones), permite a los usuarios el acceso a capacitaci\u00f3n formal y enfocada en oficios de alta empleabilidad. Es as\u00ed como recientemente 25 usuarios del Centro de Reinserci\u00f3n Social (CRS) de La<\/p>\n","protected":false},"author":1,"featured_media":4328,"comment_status":"open","ping_status":"open","sticky":false,"template":"","format":"standard","meta":{"footnotes":""},"categories":[7],"tags":[],"class_list":["post-4327","post","type-post","status-publish","format-standard","has-post-thumbnail","hentry","category-serviciospublicos"],"_links":{"self":[{"href":"https:\/\/minutaregional.cl\/index.php?rest_route=\/wp\/v2\/posts\/4327","targetHints":{"allow":["GET"]}}],"collection":[{"href":"https:\/\/minutaregional.cl\/index.php?rest_route=\/wp\/v2\/posts"}],"about":[{"href":"https:\/\/minutaregional.cl\/index.php?rest_route=\/wp\/v2\/types\/post"}],"author":[{"embeddable":true,"href":"https:\/\/minutaregional.cl\/index.php?rest_route=\/wp\/v2\/users\/1"}],"replies":[{"embeddable":true,"href":"https:\/\/minutaregional.cl\/index.php?rest_route=%2Fwp%2Fv2%2Fcomments&post=4327"}],"version-history":[{"count":1,"href":"https:\/\/minutaregional.cl\/index.php?rest_route=\/wp\/v2\/posts\/4327\/revisions"}],"predecessor-version":[{"id":4329,"href":"https:\/\/minutaregional.cl\/index.php?rest_route=\/wp\/v2\/posts\/4327\/revisions\/4329"}],"wp:featuredmedia":[{"embeddable":true,"href":"https:\/\/minutaregional.cl\/index.php?rest_route=\/wp\/v2\/media\/4328"}],"wp:attachment":[{"href":"https:\/\/minutaregional.cl\/index.php?rest_route=%2Fwp%2Fv2%2Fmedia&parent=4327"}],"wp:term":[{"taxonomy":"category","embeddable":true,"href":"https:\/\/minutaregional.cl\/index.php?rest_route=%2Fwp%2Fv2%2Fcategories&post=4327"},{"taxonomy":"post_tag","embeddable":true,"href":"https:\/\/minutaregional.cl\/index.php?rest_route=%2Fwp%2Fv2%2Ftags&post=4327"}],"curies":[{"name":"wp","href":"https:\/\/api.w.org\/{rel}","templated":true}]}}