{"id":4314,"date":"2024-10-18T19:23:12","date_gmt":"2024-10-18T19:23:12","guid":{"rendered":"https:\/\/minutaregional.cl\/?p=4314"},"modified":"2024-10-18T19:23:12","modified_gmt":"2024-10-18T19:23:12","slug":"mayoria-de-vocales-nuevos-y-105-recintos-de-votacion-tendra-la-region-de-coquimbo-para-las-proximas-elecciones","status":"publish","type":"post","link":"https:\/\/minutaregional.cl\/?p=4314","title":{"rendered":"Mayor\u00eda de vocales nuevos y 105 recintos de votaci\u00f3n tendr\u00e1 la regi\u00f3n de Coquimbo para las pr\u00f3ximas elecciones"},"content":{"rendered":"<p><em>Seg\u00fan SERVEL, entre el 92 y 93% de los vocales de mesa ser\u00e1n personas que por primera vez ejercer\u00e1n este rol. Por su parte, Carabineros dispondr\u00e1 nuevamente de recintos extras para recibir excusas en La Serena y Coquimbo. <\/em><\/p>\n<p><em>\u00a0<\/em><\/p>\n<p>Restan ocho d\u00edas para que la regi\u00f3n de Coquimbo y el pa\u00eds vivan un nuevo proceso eleccionario. Esta vez, en jornada doble, los electores tendr\u00e1n que votar por Gobernadores y Consejeros regionales, alcaldes y concejales.<\/p>\n<p>En la regi\u00f3n de Coquimbo, 667.380 ciudadanos est\u00e1n habilitados para sufragar en los 105 locales de votaci\u00f3n distribuidos a lo largo del territorio para esta jornada c\u00edvica que se desarrollar\u00e1 los d\u00edas 26 y 27 de octubre.<\/p>\n<p>Al respecto, el Delegado Presidencial Regional, Galo Luna Penna, se\u00f1al\u00f3 que <strong>\u201cestamos incentivando a la poblaci\u00f3n, primero a que participe, a que se informe, que conozca qui\u00e9nes son sus candidatas y candidatos, que conozca su local de votaci\u00f3n. Pero, sobre todo, que hagamos este proceso en tranquilidad, planificado, tenemos dos d\u00edas para poder asistir y lo relevante es que sepamos con anterioridad d\u00f3nde nos toca ir a votar, que prefiramos los horarios m\u00e1s expeditos\u201d.<\/strong><\/p>\n<p>Es por eso que, para el buen funcionamiento del proceso, las autoridades activan el sistema de respuesta ante alguna emergencia ocurrida durante la jornada electoral.<\/p>\n<p><strong>\u201cSe prev\u00e9 una alta concentraci\u00f3n de personas, como tambi\u00e9n flujo vehicular, claramente esto aumenta la exposici\u00f3n y la vulnerabilidad frente a distintas variables de riesgo, por lo tanto, es fundamental el fortalecimiento del Sistema Nacional de Prevenci\u00f3n y Respuesta para responder de forma adecuada ante alg\u00fan evento de emergencia que nos pueda sorprender\u201d,<\/strong> coment\u00f3 el Director Regional (S) de SENAPRED, Ra\u00fal Garrido.<\/p>\n<p><strong>\u00a0<\/strong><\/p>\n<p><strong>Nuevos vocales de mesas y constancias ante Carabineros<\/strong><\/p>\n<p>Dos jornadas de votaciones, cuatro papeletas para estas elecciones regionales y municipales, donde debutar\u00e1 el 92% de los vocales de mesa que por primera vez ejercer\u00e1n este rol.<\/p>\n<p><strong>\u201cSe les realizar\u00e1 una capacitaci\u00f3n el d\u00eda viernes cuando se constituyan las mesas. Las elecciones son en dos d\u00edas, pero las personas tienen que elegir un d\u00eda de los dos, el d\u00eda que van a sufragar les van a entregar cuatro papeletas, por lo tanto, no tienen que ir dos veces, eso es un mito urbano\u201d, <\/strong>indic\u00f3 la Directora regional del SERVEL, Ana Cristina Celis.<\/p>\n<p>Por su parte, Carabineros dispondr\u00e1 de las comisar\u00edas para excusarse por estar a m\u00e1s de 200 kil\u00f3metros del lugar de votaci\u00f3n y ese tr\u00e1mite se puede adelantar a trav\u00e9s de la Comisar\u00eda Virtual para posteriormente, ser validado de forma m\u00e1s expedita en la comisar\u00eda.<\/p>\n<p><strong>\u201cTodos los cuarteles de Carabineros van a estar habilitados para acoger constancias, lo vamos a hacer el s\u00e1bado 26 y el domingo 27, pero en La Serena y Coquimbo, habilitaremos seis recintos extras. Pedimos que estas constancias sean privilegiadas a trav\u00e9s de la Comisar\u00eda Virtual. Lo pueden hacer ese mismo d\u00eda y el procedimiento, para luego constatar que esa constancia es v\u00e1lida, es mucho m\u00e1s corto que hacerlo solamente en forma presencial\u201d <\/strong>coment\u00f3 el Jefe de Zona de Carabineros Coquimbo, General Juan Mu\u00f1oz.<\/p>\n<p>Los recintos extras para presentar excusas en La Serena y Coquimbo son:<\/p>\n<ul>\n<li>Delegaci\u00f3n Municipal Las Compa\u00f1\u00edas, Esmeralda #2422<\/li>\n<li>Coliseo Municipal de La Serena, con ingreso por Avenida Estadio<\/li>\n<li>Delegaci\u00f3n Municipal La Antena, 18 de Septiembre s\/n<\/li>\n<li>Centro Comunitario La Pampa en Cuatro Esquinas<\/li>\n<li>Estadio de Coquimbo, por Santiago Trigo<\/li>\n<li>Parque Urbano de Tierras Blancas, Jos\u00e9 Miguel Castillo s\/n<\/li>\n<\/ul>\n<p>&nbsp;<\/p>\n","protected":false},"excerpt":{"rendered":"<p>Seg\u00fan SERVEL, entre el 92 y 93% de los vocales de mesa ser\u00e1n personas que por primera vez ejercer\u00e1n este rol. Por su parte, Carabineros dispondr\u00e1 nuevamente de recintos extras para recibir excusas en La Serena y Coquimbo. \u00a0 Restan ocho d\u00edas para que la regi\u00f3n de Coquimbo y el<\/p>\n","protected":false},"author":1,"featured_media":4315,"comment_status":"open","ping_status":"open","sticky":false,"template":"","format":"standard","meta":{"footnotes":""},"categories":[1],"tags":[],"class_list":["post-4314","post","type-post","status-publish","format-standard","has-post-thumbnail","hentry","category-noticias-regionales"],"_links":{"self":[{"href":"https:\/\/minutaregional.cl\/index.php?rest_route=\/wp\/v2\/posts\/4314","targetHints":{"allow":["GET"]}}],"collection":[{"href":"https:\/\/minutaregional.cl\/index.php?rest_route=\/wp\/v2\/posts"}],"about":[{"href":"https:\/\/minutaregional.cl\/index.php?rest_route=\/wp\/v2\/types\/post"}],"author":[{"embeddable":true,"href":"https:\/\/minutaregional.cl\/index.php?rest_route=\/wp\/v2\/users\/1"}],"replies":[{"embeddable":true,"href":"https:\/\/minutaregional.cl\/index.php?rest_route=%2Fwp%2Fv2%2Fcomments&post=4314"}],"version-history":[{"count":1,"href":"https:\/\/minutaregional.cl\/index.php?rest_route=\/wp\/v2\/posts\/4314\/revisions"}],"predecessor-version":[{"id":4316,"href":"https:\/\/minutaregional.cl\/index.php?rest_route=\/wp\/v2\/posts\/4314\/revisions\/4316"}],"wp:featuredmedia":[{"embeddable":true,"href":"https:\/\/minutaregional.cl\/index.php?rest_route=\/wp\/v2\/media\/4315"}],"wp:attachment":[{"href":"https:\/\/minutaregional.cl\/index.php?rest_route=%2Fwp%2Fv2%2Fmedia&parent=4314"}],"wp:term":[{"taxonomy":"category","embeddable":true,"href":"https:\/\/minutaregional.cl\/index.php?rest_route=%2Fwp%2Fv2%2Fcategories&post=4314"},{"taxonomy":"post_tag","embeddable":true,"href":"https:\/\/minutaregional.cl\/index.php?rest_route=%2Fwp%2Fv2%2Ftags&post=4314"}],"curies":[{"name":"wp","href":"https:\/\/api.w.org\/{rel}","templated":true}]}}