{"id":4305,"date":"2024-10-15T12:02:28","date_gmt":"2024-10-15T12:02:28","guid":{"rendered":"https:\/\/minutaregional.cl\/?p=4305"},"modified":"2024-10-18T12:03:59","modified_gmt":"2024-10-18T12:03:59","slug":"certifican-competencias-laborales-a-alumnos-egresados-de-liceos-tecnicos-profesionales","status":"publish","type":"post","link":"https:\/\/minutaregional.cl\/?p=4305","title":{"rendered":"Certifican competencias laborales a alumnos egresados de Liceos T\u00e9cnicos Profesionales"},"content":{"rendered":"<ul>\n<li><strong><em>Se trata de j\u00f3venes provenientes de los Liceos Fernando Binvignat Mar\u00edn de Coquimbo \u00a0y el Colegio Salesianos La Serena, quienes aprobaron el procesos de certificaci\u00f3n que los acredita en soldadura profesional.<\/em><\/strong><\/li>\n<\/ul>\n<p><strong>Con alegr\u00eda y entusiasmo 19 j\u00f3venes culminaron con \u00e9xito el proceso de certificaci\u00f3n en el perfil de Soldador\/a correspondiente al <\/strong>Sector: Manufactura met\u00e1lica \u2013 Subsector: Metal\u00fargico metalmec\u00e1nico, \u00a0<strong>por medio <\/strong>del Servicio Nacional de Capacitaci\u00f3n y Empleo, SENCE, y el sistema ChileValora <strong>que les permite obtener una mejor perspectiva de desarrollo y crecimiento en el mundo laboral.<\/strong><\/p>\n<p><strong>Karla San Francisco, coordinadora regional de Chilevalora, detall\u00f3 el proceso y beneficio que obtienen los j\u00f3venes certificados y explic\u00f3 que \u201cestos 19 j\u00f3venes que hoy pudieron certificarse est\u00e1n acreditados como los mejores soldadores. Esto significa. Esto les va a permitir ingresar al mundo laboral y poder superar esta brecha de experiencia que piden las empresas, porque ya teniendo un certificado de ChileValora es porque claramente es un trabajador calificado y que es el mejor, finalmente, en su oficio\u201d.<\/strong><\/p>\n<p><strong>Jerry S\u00e1ez, egresado de la especialidad de Construcci\u00f3n Met\u00e1lica, del Liceo Fernando Binvignat de Tierras Blancas de Coquimbo, coment\u00f3 que \u201cfue una experiencia bonita, para seguir aprendiendo es esta mejora continua y continuar capacit\u00e1ndose para superarse cada vez m\u00e1s, por lo que qued\u00e9 muy contento con este proceso que hemos finalizado con los compa\u00f1eros\u201d.<\/strong><\/p>\n<p><strong>Mientras que en la jornada de certificaci\u00f3n el Seremi del Trabajo, Francisco Brizuela, destac\u00f3 la iniciativa de los j\u00f3venes de participar en el proceso de certificaci\u00f3n y dijo que \u201cen la regi\u00f3n tenemos mucho talento en personas j\u00f3venes y desde el Ministerio del Trabajo, por medio de Chilevalora, estamos comprometidos con entregar m\u00e1s y mejores herramientas que les permita a este sector de la poblaci\u00f3n a ingresar a mejores empleos, donde se les reconozca su experiencia y que a partir de ah\u00ed opten una continuaci\u00f3n de estudios o mejores horizontes laborales\u201d.<\/strong><\/p>\n<p>En la regi\u00f3n de Coquimbo, durante el 2024, SENCE junto a ChileValora han desarrollado diversos proyectos de evaluaci\u00f3n dirigidos a trabajadoras de casa particular, soldadores, instaladores el\u00e9ctricos, administrativos de obra, maestro\/a de postventa, cajeras\/os, recicladores, entre otros.<\/p>\n<p>Para conocer m\u00e1s sobre el Programa de evaluaci\u00f3n y certificaci\u00f3n de competencias laborales que impulsa el Nacional de Capacitaci\u00f3n y Empleo, SENCE, las personas interesadas pueden ingresar a la p\u00e1gina web\u00a0<a href=\"http:\/\/www.sence.cl\/\">www.sence.cl<\/a>, o bien acercarse a la oficina regional ubicada en Vicu\u00f1a 490, La Serena, de lunes a viernes, entre 09:00 y 14:00 horas.<\/p>\n","protected":false},"excerpt":{"rendered":"<p>Se trata de j\u00f3venes provenientes de los Liceos Fernando Binvignat Mar\u00edn de Coquimbo \u00a0y el Colegio Salesianos La Serena, quienes aprobaron el procesos de certificaci\u00f3n que los acredita en soldadura profesional. Con alegr\u00eda y entusiasmo 19 j\u00f3venes culminaron con \u00e9xito el proceso de certificaci\u00f3n en el perfil de Soldador\/a correspondiente<\/p>\n","protected":false},"author":1,"featured_media":4306,"comment_status":"open","ping_status":"open","sticky":false,"template":"","format":"standard","meta":{"footnotes":""},"categories":[1],"tags":[],"class_list":["post-4305","post","type-post","status-publish","format-standard","has-post-thumbnail","hentry","category-noticias-regionales"],"_links":{"self":[{"href":"https:\/\/minutaregional.cl\/index.php?rest_route=\/wp\/v2\/posts\/4305","targetHints":{"allow":["GET"]}}],"collection":[{"href":"https:\/\/minutaregional.cl\/index.php?rest_route=\/wp\/v2\/posts"}],"about":[{"href":"https:\/\/minutaregional.cl\/index.php?rest_route=\/wp\/v2\/types\/post"}],"author":[{"embeddable":true,"href":"https:\/\/minutaregional.cl\/index.php?rest_route=\/wp\/v2\/users\/1"}],"replies":[{"embeddable":true,"href":"https:\/\/minutaregional.cl\/index.php?rest_route=%2Fwp%2Fv2%2Fcomments&post=4305"}],"version-history":[{"count":1,"href":"https:\/\/minutaregional.cl\/index.php?rest_route=\/wp\/v2\/posts\/4305\/revisions"}],"predecessor-version":[{"id":4307,"href":"https:\/\/minutaregional.cl\/index.php?rest_route=\/wp\/v2\/posts\/4305\/revisions\/4307"}],"wp:featuredmedia":[{"embeddable":true,"href":"https:\/\/minutaregional.cl\/index.php?rest_route=\/wp\/v2\/media\/4306"}],"wp:attachment":[{"href":"https:\/\/minutaregional.cl\/index.php?rest_route=%2Fwp%2Fv2%2Fmedia&parent=4305"}],"wp:term":[{"taxonomy":"category","embeddable":true,"href":"https:\/\/minutaregional.cl\/index.php?rest_route=%2Fwp%2Fv2%2Fcategories&post=4305"},{"taxonomy":"post_tag","embeddable":true,"href":"https:\/\/minutaregional.cl\/index.php?rest_route=%2Fwp%2Fv2%2Ftags&post=4305"}],"curies":[{"name":"wp","href":"https:\/\/api.w.org\/{rel}","templated":true}]}}