{"id":4300,"date":"2024-10-17T13:37:49","date_gmt":"2024-10-17T13:37:49","guid":{"rendered":"https:\/\/minutaregional.cl\/?p=4300"},"modified":"2024-10-17T13:37:49","modified_gmt":"2024-10-17T13:37:49","slug":"senda-fortalece-la-recuperacion-con-sus-programas-gratuitos-de-tratamiento-e-integracion-social","status":"publish","type":"post","link":"https:\/\/minutaregional.cl\/?p=4300","title":{"rendered":"Senda fortalece la recuperaci\u00f3n con sus programas gratuitos de Tratamiento e Integraci\u00f3n Social"},"content":{"rendered":"<ul>\n<li><strong><em>Durante octubre el Servicio Nacional para la Prevenci\u00f3n y Rehabilitaci\u00f3n del Alcohol y otras Drogas, refuerza el mensaje que las oportunidades de reparaci\u00f3n existen.<\/em><\/strong><\/li>\n<\/ul>\n<p>\u00abEscuchamos y acompa\u00f1amos, \u00a1S\u00famate!\u00bb es el lema del Mes de la Recuperaci\u00f3n que conmemora SENDA durante octubre, con el objetivo de generar conciencia sobre la importancia del tratamiento y la integraci\u00f3n social de personas en proceso de recuperaci\u00f3n por consumo problem\u00e1tico de alcohol u otras drogas, y c\u00f3mo es posible involucrar a comunidad.<\/p>\n<p>\u201cSe busca reforzar la oferta program\u00e1tica de la regi\u00f3n en tratamiento y rehabilitaci\u00f3n, destacar la importancia del acompa\u00f1amiento a las personas en procesos de recuperaci\u00f3n y la integraci\u00f3n social. Asimismo, refuerzan el llamado a utilizar el fono drogas y alcohol 1412 como una herramienta de orientaci\u00f3n y apoyo disponible. El llamado, adem\u00e1s, es a sumarse a instancias de acompa\u00f1amiento y reducir estigmas y estereotipos hacia personas con trastorno por consumo problem\u00e1tico de sustancias\u201d, indic\u00f3 el director regional de SENDA, Rodrigo Maturana.<\/p>\n<p>En relaci\u00f3n a la red de tratamiento, SENDA cuenta con 28 programas en 26 centros disponibles a nivel regional en modalidades programa ambulatorio b\u00e1sico (PAB), programa ambulatorio intensivo (PAI) y programa residencial(PR), presentando una inversi\u00f3n de m\u00e1s de 1.400 millones y atendiendo en el \u00faltimo a\u00f1o a 1.179 personas en sus procesos de recuperaci\u00f3n.<\/p>\n<p>Las personas que son atendidas en Centros de Tratamiento en convenio con SENDA en la regi\u00f3n, reciben una atenci\u00f3n gratuita y multidisciplinaria a la base de un Plan de Tratamiento Individual, que considera a la persona y su entorno. Los mecanismos de acceso son a trav\u00e9s de derivaci\u00f3n desde Atenci\u00f3n Primaria de Salud o a trav\u00e9s de demanda espontanea en los centros disponibles en la regi\u00f3n.<\/p>\n<p><strong>Integraci\u00f3n social<\/strong><\/p>\n<p>En la regi\u00f3n, SENDA cuenta con una red de integraci\u00f3n social para personas que han finalizado procesos de recuperaci\u00f3n, a quienes se ofrece apoyo para desarrollar competencias sociales y laborales, facilitando su inserci\u00f3n en el mercado de trabajo a trav\u00e9s de una Oficina de Orientaci\u00f3n Sociolaboral, que funciona en La Serena, Coquimbo y Ovalle.<\/p>\n<p>Pr\u00f3ximamente, como parte de los objetivos del Plan de Acci\u00f3n Regional 2024-2030, se sumar\u00e1 el componente Viviendas de Apoyo a la Integraci\u00f3n Social (VAIS), que ofrece un espacio habitacional transitorio para personas que han finalizado su tratamiento de rehabilitaci\u00f3n por consumo de sustancias y que requieren de un espacio para consolidar su recuperaci\u00f3n, lo que permitir\u00e1 completar el circuito de oferta integral entre Tratamiento e Integraci\u00f3n Social en la regi\u00f3n.<\/p>\n<p>Si quieres conocer m\u00e1s informaci\u00f3n, puede acceder a la p\u00e1gina web <a href=\"http:\/\/www.senda.gob.cl\">www.senda.gob.cl<\/a> o toma contacto con el fono drogas y alcohol 1412, que es totalmente confidencial y absolutamente gratuito.<\/p>\n","protected":false},"excerpt":{"rendered":"<p>Durante octubre el Servicio Nacional para la Prevenci\u00f3n y Rehabilitaci\u00f3n del Alcohol y otras Drogas, refuerza el mensaje que las oportunidades de reparaci\u00f3n existen. \u00abEscuchamos y acompa\u00f1amos, \u00a1S\u00famate!\u00bb es el lema del Mes de la Recuperaci\u00f3n que conmemora SENDA durante octubre, con el objetivo de generar conciencia sobre la importancia<\/p>\n","protected":false},"author":1,"featured_media":4302,"comment_status":"open","ping_status":"open","sticky":false,"template":"","format":"standard","meta":{"footnotes":""},"categories":[53],"tags":[],"class_list":["post-4300","post","type-post","status-publish","format-standard","has-post-thumbnail","hentry","category-senda"],"_links":{"self":[{"href":"https:\/\/minutaregional.cl\/index.php?rest_route=\/wp\/v2\/posts\/4300","targetHints":{"allow":["GET"]}}],"collection":[{"href":"https:\/\/minutaregional.cl\/index.php?rest_route=\/wp\/v2\/posts"}],"about":[{"href":"https:\/\/minutaregional.cl\/index.php?rest_route=\/wp\/v2\/types\/post"}],"author":[{"embeddable":true,"href":"https:\/\/minutaregional.cl\/index.php?rest_route=\/wp\/v2\/users\/1"}],"replies":[{"embeddable":true,"href":"https:\/\/minutaregional.cl\/index.php?rest_route=%2Fwp%2Fv2%2Fcomments&post=4300"}],"version-history":[{"count":1,"href":"https:\/\/minutaregional.cl\/index.php?rest_route=\/wp\/v2\/posts\/4300\/revisions"}],"predecessor-version":[{"id":4304,"href":"https:\/\/minutaregional.cl\/index.php?rest_route=\/wp\/v2\/posts\/4300\/revisions\/4304"}],"wp:featuredmedia":[{"embeddable":true,"href":"https:\/\/minutaregional.cl\/index.php?rest_route=\/wp\/v2\/media\/4302"}],"wp:attachment":[{"href":"https:\/\/minutaregional.cl\/index.php?rest_route=%2Fwp%2Fv2%2Fmedia&parent=4300"}],"wp:term":[{"taxonomy":"category","embeddable":true,"href":"https:\/\/minutaregional.cl\/index.php?rest_route=%2Fwp%2Fv2%2Fcategories&post=4300"},{"taxonomy":"post_tag","embeddable":true,"href":"https:\/\/minutaregional.cl\/index.php?rest_route=%2Fwp%2Fv2%2Ftags&post=4300"}],"curies":[{"name":"wp","href":"https:\/\/api.w.org\/{rel}","templated":true}]}}