{"id":4299,"date":"2024-10-17T13:35:07","date_gmt":"2024-10-17T13:35:07","guid":{"rendered":"https:\/\/minutaregional.cl\/?p=4299"},"modified":"2024-10-17T13:35:07","modified_gmt":"2024-10-17T13:35:07","slug":"seremi-de-educacion-destaca-a-luis-hernandez-finalista-del-global-teacher-prize-chile-2024-en-el-marco-del-dia-del-profesor","status":"publish","type":"post","link":"https:\/\/minutaregional.cl\/?p=4299","title":{"rendered":"Seremi de Educaci\u00f3n destaca a Luis Hern\u00e1ndez, finalista del Global Teacher Prize Chile 2024, en el marco del D\u00eda del Profesor"},"content":{"rendered":"<ul>\n<li><strong><em>En el marco de la celebraci\u00f3n del D\u00eda del Profesor, el Seremi de Educaci\u00f3n de la Regi\u00f3n de Coquimbo, Nicol\u00e1s P\u00e9rez Allendes, destac\u00f3 al profesor Luis Hern\u00e1ndez, docente de la comuna de Vicu\u00f1a, por su notoria trayectoria y su reconocimiento como finalista del Global Teacher Prize Chile 2024, en la categor\u00eda de Educaci\u00f3n Integral.<\/em><\/strong><\/li>\n<\/ul>\n<p>La actividad, realizada en la Secretar\u00eda Regional Ministerial de Educaci\u00f3n, incluy\u00f3 un desayuno en honor al profesor Hern\u00e1ndez, quien cuenta con 12 a\u00f1os de experiencia en la ense\u00f1anza a ni\u00f1os, j\u00f3venes y adultos en diversas localidades del pa\u00eds. El Seremi P\u00e9rez Allendes recalc\u00f3 la creatividad y compromiso del docente, afirmando que su dedicaci\u00f3n es un ejemplo para toda la comunidad educativa. Adem\u00e1s, subray\u00f3 que el fortalecimiento de la labor docente es una prioridad para el Gobierno, se\u00f1alando que los profesores son clave en la formaci\u00f3n de las futuras generaciones.<\/p>\n<p>\u201cEsto se ve reflejado en el Plan Nacional Docente, que busca fortalecer la atracci\u00f3n, desarrollo y reconocimiento de las y los docentes, asegurando la calidad formativa de nuestros estudiantes\u00bb, coment\u00f3 la autoridad regional.<\/p>\n<p>Por su parte, el profesor Luis Hern\u00e1ndez agradeci\u00f3 el reconocimiento en el marco del D\u00eda del Profesor, se\u00f1alando la importancia de la actualizaci\u00f3n continua y la visibilidad de la labor de los docentes, especialmente aquellos dedicados a la educaci\u00f3n de adultos y j\u00f3venes, un \u00e1rea que a menudo pasa desapercibida.<\/p>\n<p><strong>Trayectoria del profesor Luis Hern\u00e1ndez<\/strong><\/p>\n<p>A lo largo de su carrera, el profesor Hern\u00e1ndez, de 41 a\u00f1os, ha logrado integrar el aprendizaje del ingl\u00e9s con el entorno local de sus estudiantes, demostrando c\u00f3mo el idioma puede ser una herramienta \u00fatil en sus vidas. Entre sus proyectos m\u00e1s emblematicos est\u00e1n la \u00abExpo Comic Paihuen\u00bb y el \u00abHalloween Ball\u00bb, que combinan el aprendizaje del ingl\u00e9s con experiencias culturales, fomentando la creatividad y el desarrollo educativo.<\/p>\n<p>Luis Hern\u00e1ndez fue seleccionado como finalista del Global Teacher Prize Chile 2024 entre 216 postulaciones, gracias a un exhaustivo proceso de evaluaci\u00f3n realizado por expertos en educaci\u00f3n. Este prestigioso galard\u00f3n, impulsado por Elige Educar, busca reconocer a los docentes que han realizado aportes significativos en el sistema educativo chileno. Los ganadores ser\u00e1n anunciados el 12 de noviembre en el Teatro Municipal de Las Condes.<\/p>\n<p>El profesor Hern\u00e1ndez actualmente imparte clases en el CEIA Paihuen de Vicu\u00f1a, donde dirige 9 cursos de educaci\u00f3n media para j\u00f3venes y adultos.<\/p>\n<p><strong>Fortalecimiento de la labor docente<\/strong><\/p>\n<p>El fortalecimiento de la labor docente es una de las principales prioridades del Gobierno, enfocado en mejorar el bienestar y las condiciones laborales de los profesores. Esto se ve reflejado en el Plan Nacional Docente, que busca atraer m\u00e1s j\u00f3venes a las pedagog\u00edas, mejorar la calidad de la formaci\u00f3n y reconocer el esfuerzo de los profesores.<\/p>\n<p>Entre las medidas impulsadas por el Ministerio de Educaci\u00f3n, se destaca la plataforma \u00abDocentes para Chile\u00bb, que facilita la b\u00fasqueda de oportunidades laborales y la contrataci\u00f3n de docentes. Adem\u00e1s, se est\u00e1 trabajando en la promoci\u00f3n de la ley de convivencia, buen trato y bienestar educativo, con el fin de crear espacios escolares seguros y de protecci\u00f3n.<\/p>\n<p>El Ministerio tambi\u00e9n ha impulsado modificaciones para mejorar la ense\u00f1anza en el aula mediante la actualizaci\u00f3n curricular y la mejora de la educaci\u00f3n p\u00fablica. A esto se suma la promulgaci\u00f3n de la ley que consolid\u00f3 un Sistema \u00danico de Evaluaci\u00f3n Docente, poniendo fin a la doble evaluaci\u00f3n y fortaleciendo la labor pedag\u00f3gica.<\/p>\n","protected":false},"excerpt":{"rendered":"<p>En el marco de la celebraci\u00f3n del D\u00eda del Profesor, el Seremi de Educaci\u00f3n de la Regi\u00f3n de Coquimbo, Nicol\u00e1s P\u00e9rez Allendes, destac\u00f3 al profesor Luis Hern\u00e1ndez, docente de la comuna de Vicu\u00f1a, por su notoria trayectoria y su reconocimiento como finalista del Global Teacher Prize Chile 2024, en la<\/p>\n","protected":false},"author":1,"featured_media":4301,"comment_status":"open","ping_status":"open","sticky":false,"template":"","format":"standard","meta":{"footnotes":""},"categories":[1,7],"tags":[],"class_list":["post-4299","post","type-post","status-publish","format-standard","has-post-thumbnail","hentry","category-noticias-regionales","category-serviciospublicos"],"_links":{"self":[{"href":"https:\/\/minutaregional.cl\/index.php?rest_route=\/wp\/v2\/posts\/4299","targetHints":{"allow":["GET"]}}],"collection":[{"href":"https:\/\/minutaregional.cl\/index.php?rest_route=\/wp\/v2\/posts"}],"about":[{"href":"https:\/\/minutaregional.cl\/index.php?rest_route=\/wp\/v2\/types\/post"}],"author":[{"embeddable":true,"href":"https:\/\/minutaregional.cl\/index.php?rest_route=\/wp\/v2\/users\/1"}],"replies":[{"embeddable":true,"href":"https:\/\/minutaregional.cl\/index.php?rest_route=%2Fwp%2Fv2%2Fcomments&post=4299"}],"version-history":[{"count":1,"href":"https:\/\/minutaregional.cl\/index.php?rest_route=\/wp\/v2\/posts\/4299\/revisions"}],"predecessor-version":[{"id":4303,"href":"https:\/\/minutaregional.cl\/index.php?rest_route=\/wp\/v2\/posts\/4299\/revisions\/4303"}],"wp:featuredmedia":[{"embeddable":true,"href":"https:\/\/minutaregional.cl\/index.php?rest_route=\/wp\/v2\/media\/4301"}],"wp:attachment":[{"href":"https:\/\/minutaregional.cl\/index.php?rest_route=%2Fwp%2Fv2%2Fmedia&parent=4299"}],"wp:term":[{"taxonomy":"category","embeddable":true,"href":"https:\/\/minutaregional.cl\/index.php?rest_route=%2Fwp%2Fv2%2Fcategories&post=4299"},{"taxonomy":"post_tag","embeddable":true,"href":"https:\/\/minutaregional.cl\/index.php?rest_route=%2Fwp%2Fv2%2Ftags&post=4299"}],"curies":[{"name":"wp","href":"https:\/\/api.w.org\/{rel}","templated":true}]}}