{"id":4293,"date":"2024-10-16T11:55:22","date_gmt":"2024-10-16T11:55:22","guid":{"rendered":"https:\/\/minutaregional.cl\/?p=4293"},"modified":"2024-10-17T12:04:18","modified_gmt":"2024-10-17T12:04:18","slug":"estrenan-vehiculo-electrico-del-programa-renueva-tu-colectivo","status":"publish","type":"post","link":"https:\/\/minutaregional.cl\/?p=4293","title":{"rendered":"Estrenan veh\u00edculo el\u00e9ctrico del programa \u201crenueva tu colectivo\u201d"},"content":{"rendered":"<ul>\n<li><strong><em>Propietario de taxi colectivo de la l\u00ednea 36 cambi\u00f3 su autom\u00f3vil convencional por uno 100 por ciento el\u00e9ctrico, logrando mejor eficiencia energ\u00e9tica y aporte al medio ambiente.<\/em><\/strong><\/li>\n<\/ul>\n<p>La l\u00ednea 36 del recorrido La Serena \u2013 La Florida se convirti\u00f3 en la primera en contar entre su flota con un taxi colectivo 100 por ciento el\u00e9ctrico, iniciativa de uno de sus socios que aport\u00f3 financiamiento propio m\u00e1s recursos del programa Renueva tu Taxi del Gobierno Regional y el Ministerio de Transportes.<\/p>\n<p>El modelo marca ByD, de 27 millones de pesos, tuvo un aporte de 9 millones por parte del Estado, el cual le permite una econom\u00eda cercana al 50 por ciento respecto del gasto de un veh\u00edculo de combusti\u00f3n interna.<\/p>\n<p>Walter Pizarro, propietario de taxi colectivo, explic\u00f3 que debido a que \u201cmi auto cumpl\u00eda los 15 a\u00f1os de utilidad deb\u00eda renovarlo, entonces pensando c\u00f3mo era el veh\u00edculo y la nueva tecnolog\u00eda me gust\u00f3 y hace un a\u00f1o que est\u00e1bamos viendo los rendimientos, empresas y marcas. Eso me motiv\u00f3 y nos inscribimos para el bono de 9 millones que sali\u00f3 este a\u00f1o. Estuve viendo varias marcas y el veh\u00edculo es bueno\u2026 Ha sido bueno por c\u00f3mo la gente lo ha tomado, se sientan alegres y felices. Eso ha sido diferente, esperamos que los dem\u00e1s colegas se entusiasmen y que lo hagan porque vale la pena\u201d.<\/p>\n<p>La seremi de Transportes y Telecomunicaciones, Alejandra Maureira, indic\u00f3 que \u201ccomo ministerio estamos muy contentos y queremos felicitar a la l\u00ednea 36 por este esfuerzo y trabajo realizado a trav\u00e9s del socio, don Walter, de poder migrar desde el transporte di\u00e9sel hacia el el\u00e9ctrico, que gracias a los recursos del Gobierno Regional y la asesor\u00eda que nosotros prestamos en los programas de renovaci\u00f3n de flota se puede cumplir con este taxi colectivo, que adem\u00e1s tiene una particularidad de tener un color distinto, es llamativo, m\u00e1s silencioso y hace que la gente lo prefiera. Estamos avanzando en los cambios normativos de tal manera que para el pr\u00f3ximo a\u00f1o existan todav\u00eda m\u00e1s posibilidades e incentivos para que los gremios y socios puedan renovar sus taxis colectivos a veh\u00edculos que sean m\u00e1s sustentables y que permita que se entregue un servicio a la comunidad confortable y sostenible\u201d.<\/p>\n<p>El seremi de Energ\u00eda, Eduardo Lara, manifest\u00f3 que \u201cesta experiencia de incorporarse a la electromovilidad tendr\u00e1 un efecto muy potente para replicarse, porque hoy (el propietario) gasta un tercio de lo que gastaba antes\u2026\u00a0 Ser\u00e1 un referente para que este tipo de soluciones vayan creciendo en todas las l\u00edneas del transporte p\u00fablico. Tambi\u00e9n destacar que Banco Estado ha sido un gran apoyo en esta colaboraci\u00f3n p\u00fablico-privada. Y lo m\u00e1s importante es que esto no solo se trata de cambiar un auto convencional a uno el\u00e9ctrico, sino tambi\u00e9n de mirar la ciudad y en c\u00f3mo generar nuevos recorridos, participar en una comunidad sustentable y que este tipo de movilizaci\u00f3n deber\u00eda llegar a los sectores donde no llegan. Este tipo de soluciones implica tambi\u00e9n que se puedan mejorar los recorridos y hacerlos m\u00e1s extensos, porque el consumo de energ\u00eda es mucho menor\u201d.<\/p>\n<p>El presidente de la l\u00ednea 36, Pedro Robles, coment\u00f3 que \u201cesto es super importante para nosotros en ser los primeros a nivel regional en tener un veh\u00edculo el\u00e9ctrico, ya que tiene muchos beneficios, tanto desde el punto de vista econ\u00f3mico del propietario como para los usuarios, porque esto nos va a permitir hacer mayor rotaci\u00f3n en los veh\u00edculos el\u00e9ctricos con la econom\u00eda que nos da el sistema y con eso dar un mejor servicio. La verdad es que tenemos una l\u00ednea de 42 socios que est\u00e1n esperando la nueva activaci\u00f3n de la nueva ley y el reglamento para poder adquirir m\u00f3viles el\u00e9ctricos\u201d.<\/p>\n<p>Los fondos para este tipo de modernizaci\u00f3n de flota, provenientes del Gobierno Regional, permiten la incorporaci\u00f3n de tecnolog\u00edas menos contaminantes, entre otros beneficios para los usuarios del transporte p\u00fablico. Al respecto, el Gobernador Regional, Darwin Ibacache, se\u00f1al\u00f3 que \u201chasta hoy hemos renovado tres veh\u00edculos de locomoci\u00f3n colectiva por taxi colectivos el\u00e9ctricos en nuestra regi\u00f3n, a trav\u00e9s de las convocatorias 2023 &#8211; 2024, con una inversi\u00f3n total superior a los $26 millones y que se suman a 20 renovaciones por veh\u00edculos h\u00edbridos, por m\u00e1s de $93 millones. Una l\u00ednea de trabajo que va de la mano con el eje de sustentabilidad medioambiental del Gobierno Regional, y todos los esfuerzos locales por mejorar la calidad en el transporte p\u00fablico y en el diario vivir de los habitantes de nuestra regi\u00f3n\u201d.<\/p>\n","protected":false},"excerpt":{"rendered":"<p>Propietario de taxi colectivo de la l\u00ednea 36 cambi\u00f3 su autom\u00f3vil convencional por uno 100 por ciento el\u00e9ctrico, logrando mejor eficiencia energ\u00e9tica y aporte al medio ambiente. La l\u00ednea 36 del recorrido La Serena \u2013 La Florida se convirti\u00f3 en la primera en contar entre su flota con un taxi<\/p>\n","protected":false},"author":1,"featured_media":4294,"comment_status":"open","ping_status":"open","sticky":false,"template":"","format":"standard","meta":{"footnotes":""},"categories":[1,7],"tags":[],"class_list":["post-4293","post","type-post","status-publish","format-standard","has-post-thumbnail","hentry","category-noticias-regionales","category-serviciospublicos"],"_links":{"self":[{"href":"https:\/\/minutaregional.cl\/index.php?rest_route=\/wp\/v2\/posts\/4293","targetHints":{"allow":["GET"]}}],"collection":[{"href":"https:\/\/minutaregional.cl\/index.php?rest_route=\/wp\/v2\/posts"}],"about":[{"href":"https:\/\/minutaregional.cl\/index.php?rest_route=\/wp\/v2\/types\/post"}],"author":[{"embeddable":true,"href":"https:\/\/minutaregional.cl\/index.php?rest_route=\/wp\/v2\/users\/1"}],"replies":[{"embeddable":true,"href":"https:\/\/minutaregional.cl\/index.php?rest_route=%2Fwp%2Fv2%2Fcomments&post=4293"}],"version-history":[{"count":1,"href":"https:\/\/minutaregional.cl\/index.php?rest_route=\/wp\/v2\/posts\/4293\/revisions"}],"predecessor-version":[{"id":4295,"href":"https:\/\/minutaregional.cl\/index.php?rest_route=\/wp\/v2\/posts\/4293\/revisions\/4295"}],"wp:featuredmedia":[{"embeddable":true,"href":"https:\/\/minutaregional.cl\/index.php?rest_route=\/wp\/v2\/media\/4294"}],"wp:attachment":[{"href":"https:\/\/minutaregional.cl\/index.php?rest_route=%2Fwp%2Fv2%2Fmedia&parent=4293"}],"wp:term":[{"taxonomy":"category","embeddable":true,"href":"https:\/\/minutaregional.cl\/index.php?rest_route=%2Fwp%2Fv2%2Fcategories&post=4293"},{"taxonomy":"post_tag","embeddable":true,"href":"https:\/\/minutaregional.cl\/index.php?rest_route=%2Fwp%2Fv2%2Ftags&post=4293"}],"curies":[{"name":"wp","href":"https:\/\/api.w.org\/{rel}","templated":true}]}}