{"id":4290,"date":"2024-10-16T18:29:28","date_gmt":"2024-10-16T18:29:28","guid":{"rendered":"https:\/\/minutaregional.cl\/?p=4290"},"modified":"2024-10-16T18:29:28","modified_gmt":"2024-10-16T18:29:28","slug":"dia-de-la-erradicacion-de-la-pobreza","status":"publish","type":"post","link":"https:\/\/minutaregional.cl\/?p=4290","title":{"rendered":"D\u00cdA DE LA ERRADICACI\u00d3N DE LA POBREZA"},"content":{"rendered":"<p>Enfrentar la pobreza sigue siendo uno de los retos m\u00e1s grandes de nuestra sociedad. A pesar de los avances, a\u00fan existen muchas barreras que debemos derribar. Desde el FOSIS, hemos asumido con compromiso el mandato del Gobierno del Presidente Gabriel Boric, trabajando incansablemente para reducir las desigualdades y generar m\u00e1s oportunidades para quienes m\u00e1s lo necesitan.<\/p>\n<p>Nuestro esfuerzo est\u00e1 centrado en ofrecer soluciones concretas y efectivas en \u00e1reas claves como la generaci\u00f3n de ingresos, la habilitaci\u00f3n social, la mejora de la vivienda y el entorno, as\u00ed como el acompa\u00f1amiento a trav\u00e9s del programa Familias. Sabemos que solo con una oferta de apoyo oportuna y eficiente podremos llegar a las personas que buscan salir adelante.<\/p>\n<p>Los datos de la Encuesta Casen 2022 son claros: en Chile, 1.292.521 personas (6,5%) se encuentran en situaci\u00f3n de pobreza por ingresos, y de ellas, 397.963 mil (2%) viven en pobreza extrema. Estas cifras muestran una disminuci\u00f3n considerable respecto al a\u00f1o 2020, lo que significa que hemos ido avanzando como Gobierno y como FOSIS hacia una sociedad m\u00e1s equitativa.<\/p>\n<p>Este 17 de octubre, conmemoramos el D\u00eda Internacional para la Erradicaci\u00f3n de la Pobreza, declarado por la Asamblea General de las Naciones Unidas. Esta fecha es un llamado a la reflexi\u00f3n y a la acci\u00f3n, record\u00e1ndonos la urgencia de seguir en el camino de erradicar la pobreza, especialmente en los pa\u00edses en v\u00edas de desarrollo. Este desaf\u00edo global tambi\u00e9n resuena en nuestro pa\u00eds, donde la lucha contra la pobreza sigue siendo un punto central en la agenda nacional y regional.<\/p>\n<p>En el FOSIS, estamos preparados para enfrentar estos desaf\u00edos con una oferta renovada, m\u00e1s eficaz y focalizada. Nuestro enfoque est\u00e1 puesto en apoyar a las personas m\u00e1s vulnerables del pa\u00eds, promoviendo un desarrollo social que sea inclusivo, sostenible, solidario y con perspectiva de g\u00e9nero. Sabemos que solo a trav\u00e9s del trabajo conjunto podremos avanzar hacia un Chile m\u00e1s equitativo, donde cada persona tenga las oportunidades que merece para vivir con dignidad.<\/p>\n<p><strong>Alejandro Gonz\u00e1lez Moreno, Director Regional de FOSIS, Coquimbo.<\/strong><\/p>\n","protected":false},"excerpt":{"rendered":"<p>Enfrentar la pobreza sigue siendo uno de los retos m\u00e1s grandes de nuestra sociedad. A pesar de los avances, a\u00fan existen muchas barreras que debemos derribar. Desde el FOSIS, hemos asumido con compromiso el mandato del Gobierno del Presidente Gabriel Boric, trabajando incansablemente para reducir las desigualdades y generar m\u00e1s<\/p>\n","protected":false},"author":1,"featured_media":4291,"comment_status":"open","ping_status":"open","sticky":false,"template":"","format":"standard","meta":{"footnotes":""},"categories":[7],"tags":[],"class_list":["post-4290","post","type-post","status-publish","format-standard","has-post-thumbnail","hentry","category-serviciospublicos"],"_links":{"self":[{"href":"https:\/\/minutaregional.cl\/index.php?rest_route=\/wp\/v2\/posts\/4290","targetHints":{"allow":["GET"]}}],"collection":[{"href":"https:\/\/minutaregional.cl\/index.php?rest_route=\/wp\/v2\/posts"}],"about":[{"href":"https:\/\/minutaregional.cl\/index.php?rest_route=\/wp\/v2\/types\/post"}],"author":[{"embeddable":true,"href":"https:\/\/minutaregional.cl\/index.php?rest_route=\/wp\/v2\/users\/1"}],"replies":[{"embeddable":true,"href":"https:\/\/minutaregional.cl\/index.php?rest_route=%2Fwp%2Fv2%2Fcomments&post=4290"}],"version-history":[{"count":1,"href":"https:\/\/minutaregional.cl\/index.php?rest_route=\/wp\/v2\/posts\/4290\/revisions"}],"predecessor-version":[{"id":4292,"href":"https:\/\/minutaregional.cl\/index.php?rest_route=\/wp\/v2\/posts\/4290\/revisions\/4292"}],"wp:featuredmedia":[{"embeddable":true,"href":"https:\/\/minutaregional.cl\/index.php?rest_route=\/wp\/v2\/media\/4291"}],"wp:attachment":[{"href":"https:\/\/minutaregional.cl\/index.php?rest_route=%2Fwp%2Fv2%2Fmedia&parent=4290"}],"wp:term":[{"taxonomy":"category","embeddable":true,"href":"https:\/\/minutaregional.cl\/index.php?rest_route=%2Fwp%2Fv2%2Fcategories&post=4290"},{"taxonomy":"post_tag","embeddable":true,"href":"https:\/\/minutaregional.cl\/index.php?rest_route=%2Fwp%2Fv2%2Ftags&post=4290"}],"curies":[{"name":"wp","href":"https:\/\/api.w.org\/{rel}","templated":true}]}}