{"id":4280,"date":"2024-10-07T19:49:15","date_gmt":"2024-10-07T19:49:15","guid":{"rendered":"https:\/\/minutaregional.cl\/?p=4280"},"modified":"2024-10-07T19:49:15","modified_gmt":"2024-10-07T19:49:15","slug":"unidos-cumpliremos-con-chile","status":"publish","type":"post","link":"https:\/\/minutaregional.cl\/?p=4280","title":{"rendered":"Unidos cumpliremos con Chile"},"content":{"rendered":"<p>El Presupuesto 2025, presentado por el Presidente Gabriel Boric, marca un hito crucial en la senda de transformaci\u00f3n que hemos venido impulsando desde el inicio de nuestro Gobierno. Este proyecto, que ya fue ingresado al Congreso, refleja un compromiso firme con las tres principales prioridades de las personas: seguridad p\u00fablica, justicia social y crecimiento econ\u00f3mico sostenible.<\/p>\n<p>El presupuesto contempla un crecimiento significativo del 2,7%, consolidando avances cruciales. Primero, hablemos de seguridad, una de las principales preocupaciones de la ciudadan\u00eda. Gracias a esto, en 2025 veremos un incremento en la dotaci\u00f3n de carabineros, nuevas inversiones en infraestructura carcelaria y un refuerzo en el control migratorio. Esto no es solo un compromiso, es un avance concreto que mejorar\u00e1 el d\u00eda a d\u00eda de miles de familias, asegurando que el crimen organizado y la delincuencia no tengan cabida en nuestra sociedad.<\/p>\n<p>Pero la seguridad va m\u00e1s all\u00e1 de lo inmediato. Tambi\u00e9n hemos puesto un \u00e9nfasis en la seguridad social y econ\u00f3mica, aumentando la Pensi\u00f3n Garantizada Universal y proyectando un crecimiento econ\u00f3mico del 2,6% para el pr\u00f3ximo a\u00f1o. Todo esto es fruto del trabajo conjunto y del acuerdo en torno a la Ley de Cumplimiento Tributario, a las proyecciones del precio del cobre, lo que nos permitir\u00e1 contar con recursos adicionales para financiar estas importantes pol\u00edticas.<\/p>\n<p>La protecci\u00f3n social tambi\u00e9n es un eje del presupuesto 2025. Nos hemos comprometido con la equidad, elevando el salario m\u00ednimo a $500 mil, consolidando la jornada laboral de 40 horas y ampliando la cobertura de salud p\u00fablica con el programa Copago Cero, el que en nuestra Regi\u00f3n de Coquimbo ya ha beneficiado a m\u00e1s de 37 mil personas. Asimismo, el sistema de cuidados, una reivindicaci\u00f3n hist\u00f3rica para tantas mujeres que se han visto invisibilizadas, ver\u00e1 un aumento del 40% en sus recursos, atendiendo a las personas con dependencia severa y brindando apoyo a sus cuidadores. Estas medidas son fundamentales para seguir construyendo un Chile m\u00e1s justo e inclusivo a trav\u00e9s de un Sistema Nacional de Cuidados.<\/p>\n<p>Por otro lado, no podemos olvidar que este presupuesto tambi\u00e9n tiene una mirada hacia el \u00a0futuro, potenciando la inversi\u00f3n en infraestructura y crecimiento econ\u00f3mico. Desde proyectos de energ\u00edas renovables, como el hidr\u00f3geno verde, la tan necesaria Planta Desalinizadora para La Serena y Coquimbo, hasta la digitalizaci\u00f3n de 240 permisos sectoriales para agilizar las inversiones, todas estas acciones destinadas a dinamizar nuestra econom\u00eda y generar empleo. Este impulso nos permitir\u00e1 seguir avanzando hacia una econom\u00eda m\u00e1s sostenible y resiliente.<\/p>\n<p>Es importante destacar que el Presupuesto 2025 es fruto de un esfuerzo colectivo. Se ha trabajado en di\u00e1logo con diversas fuerzas pol\u00edticas, demostrando que, cuando nos unimos en torno al bienestar de Chile, podemos lograr grandes cosas. Ahora, el desaf\u00edo est\u00e1 en manos del Congreso, y conf\u00edo en que primar\u00e1 la responsabilidad y el compromiso con nuestro pa\u00eds.<\/p>\n<p>El Presupuesto 2025 es m\u00e1s que cifras y pol\u00edticas; es una visi\u00f3n de pa\u00eds, una invitaci\u00f3n a seguir avanzando juntos hacia un Chile m\u00e1s seguro, m\u00e1s equitativo y m\u00e1s pr\u00f3spero. La responsabilidad es de todos, y desde mi rol como Seremi de Gobierno, seguir\u00e9 trabajando para que esta visi\u00f3n se traduzca en una realidad tangible para cada chileno y chilena.<\/p>\n<p>&nbsp;<\/p>\n<p><strong>Paulina Mora Lara, Seremi de Gobierno de la Regi\u00f3n de Coquimbo<\/strong><\/p>\n","protected":false},"excerpt":{"rendered":"<p>El Presupuesto 2025, presentado por el Presidente Gabriel Boric, marca un hito crucial en la senda de transformaci\u00f3n que hemos venido impulsando desde el inicio de nuestro Gobierno. Este proyecto, que ya fue ingresado al Congreso, refleja un compromiso firme con las tres principales prioridades de las personas: seguridad p\u00fablica,<\/p>\n","protected":false},"author":1,"featured_media":4281,"comment_status":"open","ping_status":"open","sticky":false,"template":"","format":"standard","meta":{"footnotes":""},"categories":[24],"tags":[],"class_list":["post-4280","post","type-post","status-publish","format-standard","has-post-thumbnail","hentry","category-seremi-de-gobierno"],"_links":{"self":[{"href":"https:\/\/minutaregional.cl\/index.php?rest_route=\/wp\/v2\/posts\/4280","targetHints":{"allow":["GET"]}}],"collection":[{"href":"https:\/\/minutaregional.cl\/index.php?rest_route=\/wp\/v2\/posts"}],"about":[{"href":"https:\/\/minutaregional.cl\/index.php?rest_route=\/wp\/v2\/types\/post"}],"author":[{"embeddable":true,"href":"https:\/\/minutaregional.cl\/index.php?rest_route=\/wp\/v2\/users\/1"}],"replies":[{"embeddable":true,"href":"https:\/\/minutaregional.cl\/index.php?rest_route=%2Fwp%2Fv2%2Fcomments&post=4280"}],"version-history":[{"count":1,"href":"https:\/\/minutaregional.cl\/index.php?rest_route=\/wp\/v2\/posts\/4280\/revisions"}],"predecessor-version":[{"id":4282,"href":"https:\/\/minutaregional.cl\/index.php?rest_route=\/wp\/v2\/posts\/4280\/revisions\/4282"}],"wp:featuredmedia":[{"embeddable":true,"href":"https:\/\/minutaregional.cl\/index.php?rest_route=\/wp\/v2\/media\/4281"}],"wp:attachment":[{"href":"https:\/\/minutaregional.cl\/index.php?rest_route=%2Fwp%2Fv2%2Fmedia&parent=4280"}],"wp:term":[{"taxonomy":"category","embeddable":true,"href":"https:\/\/minutaregional.cl\/index.php?rest_route=%2Fwp%2Fv2%2Fcategories&post=4280"},{"taxonomy":"post_tag","embeddable":true,"href":"https:\/\/minutaregional.cl\/index.php?rest_route=%2Fwp%2Fv2%2Ftags&post=4280"}],"curies":[{"name":"wp","href":"https:\/\/api.w.org\/{rel}","templated":true}]}}