{"id":4268,"date":"2024-09-30T16:35:29","date_gmt":"2024-09-30T16:35:29","guid":{"rendered":"https:\/\/minutaregional.cl\/?p=4268"},"modified":"2024-10-03T16:39:35","modified_gmt":"2024-10-03T16:39:35","slug":"ocupados-aumentan-en-mas-de-17-mil-personas-y-tasa-de-desocupacion-se-situa-en-84","status":"publish","type":"post","link":"https:\/\/minutaregional.cl\/?p=4268","title":{"rendered":"Ocupados aumentan en m\u00e1s de 17 mil personas y Tasa de Desocupaci\u00f3n se sit\u00faa en 8,4%"},"content":{"rendered":"<ul>\n<li><strong><em>Las actividades de miner\u00eda, ense\u00f1anza y agricultura y pesca; fueron los sectores que m\u00e1s aportaron a la creaci\u00f3n de empleos.<\/em><\/strong><\/li>\n<\/ul>\n<p><strong>Un descenso anual de 2,9 puntos porcentuales (pp) registr\u00f3 la Tasa de Desocupaci\u00f3n regional situ\u00e1ndose en un 8,4% en el periodo junio-agosto de 2024, de acuerdo con la informaci\u00f3n entregada por el Instituto Nacional de Estad\u00edsticas (INE).<\/strong><\/p>\n<p><strong>El n\u00famero total de personas ocupadas se increment\u00f3 en 17.320 personas m\u00e1s, en comparaci\u00f3n con el mismo periodo del a\u00f1o anterior, con un aumento de un 4,7%, totalizando 384.970 personas <\/strong>registrando el quinto aumento consecutivo.<\/p>\n<p>Al respecto el Seremi del Trabajo, Francisco Brizuela, destac\u00f3 las cifras entregadas por el INE y explic\u00f3 que \u201ces un importante descenso anual que vemos reflejado en este trimestre y muy positivo si hacemos la comparaci\u00f3n con las cifras de hace 12 meses atr\u00e1s, donde la tasa de desocupaci\u00f3n lleg\u00f3 a un 11,4%. Como Gobierno hemos asumido de trabajar y avanzar hacia iniciativas que favorezcan la inversi\u00f3n y creaci\u00f3n de empleos; y en eso hemos estado empe\u00f1ados para ofrecer una mejor calidad de vida a las y los trabajadores junto a sus familias\u201d.<\/p>\n<p>\u201cSon m\u00e1s de 17 mil lo empleos que se generaron durante el periodo de medici\u00f3n, donde vemos que hay actividades que se han recuperado fuertemente como la Miner\u00eda y el sector Agr\u00edcola. De todas maneras, seguimos poniendo \u00e9nfasis en la recuperaci\u00f3n del empleo y la creaci\u00f3n de trabajos formales, por lo que la informalidad es un tema que nos tiene ocupados especialmente en el sector femenino donde la tasa es de un 35,8%\u201d, agreg\u00f3 el Seremi del Trabajo.<\/p>\n<p>Otro dato importante para destacar, a juicio de la autoridad laboral, es el descenso del n\u00famero de desocupados que disminuy\u00f3 un 25,3% (11.860 personas menos), totalizando 35.100 personas y dijo que \u201ceste periodo es la sexta disminuci\u00f3n consecutiva de las personas que se encuentran desempleadas, lo que nos pone en un escenario mucho m\u00e1s positivo que el periodo anterior y que demuestra que vamos en buen camino. La inversi\u00f3n tanto p\u00fablica como privada est\u00e1 generando nuevos espacios de trabajo y esperamos que pronto nuevas iniciativas puedan concretarse. Hemos hecho los acercamientos con los ejecutores de proyectos de inversi\u00f3n para incentivar el v\u00ednculo con las comunicades y extender la oferta de empleo a las y los trabajadores de la zona\u201d.<\/p>\n<p>En el an\u00e1lisis por territorio tanto Elqui como Limar\u00ed registraron disminuciones en la comparaci\u00f3n anual en la Tasa de Desocupaci\u00f3n, situ\u00e1ndose en un 8,8% y 7,2% respectivamente, presentando descensos de 3,6 pp en la provincia de Elqui y 2,6 en Limar\u00ed.<\/p>\n<p>De mayor a menor tasa de desocupaci\u00f3n, las regiones de \u00d1uble (11,3%), La Araucan\u00eda (11,2%) y O\u00b4Higgins (10,6%) consignaron los primeros lugares. Coquimbo (8,4%) ocup\u00f3 el d\u00e9cimo lugar. En tanto, las menores tasas fueron registradas por las regiones de Ays\u00e9n (4,2%) y Los Lagos (4,7%).<\/p>\n<p>&nbsp;<\/p>\n<p>&nbsp;<\/p>\n<p><strong>\u00a0<\/strong><\/p>\n<p>&nbsp;<\/p>\n","protected":false},"excerpt":{"rendered":"<p>Las actividades de miner\u00eda, ense\u00f1anza y agricultura y pesca; fueron los sectores que m\u00e1s aportaron a la creaci\u00f3n de empleos. Un descenso anual de 2,9 puntos porcentuales (pp) registr\u00f3 la Tasa de Desocupaci\u00f3n regional situ\u00e1ndose en un 8,4% en el periodo junio-agosto de 2024, de acuerdo con la informaci\u00f3n entregada<\/p>\n","protected":false},"author":1,"featured_media":4269,"comment_status":"open","ping_status":"open","sticky":false,"template":"","format":"standard","meta":{"footnotes":""},"categories":[1],"tags":[],"class_list":["post-4268","post","type-post","status-publish","format-standard","has-post-thumbnail","hentry","category-noticias-regionales"],"_links":{"self":[{"href":"https:\/\/minutaregional.cl\/index.php?rest_route=\/wp\/v2\/posts\/4268","targetHints":{"allow":["GET"]}}],"collection":[{"href":"https:\/\/minutaregional.cl\/index.php?rest_route=\/wp\/v2\/posts"}],"about":[{"href":"https:\/\/minutaregional.cl\/index.php?rest_route=\/wp\/v2\/types\/post"}],"author":[{"embeddable":true,"href":"https:\/\/minutaregional.cl\/index.php?rest_route=\/wp\/v2\/users\/1"}],"replies":[{"embeddable":true,"href":"https:\/\/minutaregional.cl\/index.php?rest_route=%2Fwp%2Fv2%2Fcomments&post=4268"}],"version-history":[{"count":1,"href":"https:\/\/minutaregional.cl\/index.php?rest_route=\/wp\/v2\/posts\/4268\/revisions"}],"predecessor-version":[{"id":4270,"href":"https:\/\/minutaregional.cl\/index.php?rest_route=\/wp\/v2\/posts\/4268\/revisions\/4270"}],"wp:featuredmedia":[{"embeddable":true,"href":"https:\/\/minutaregional.cl\/index.php?rest_route=\/wp\/v2\/media\/4269"}],"wp:attachment":[{"href":"https:\/\/minutaregional.cl\/index.php?rest_route=%2Fwp%2Fv2%2Fmedia&parent=4268"}],"wp:term":[{"taxonomy":"category","embeddable":true,"href":"https:\/\/minutaregional.cl\/index.php?rest_route=%2Fwp%2Fv2%2Fcategories&post=4268"},{"taxonomy":"post_tag","embeddable":true,"href":"https:\/\/minutaregional.cl\/index.php?rest_route=%2Fwp%2Fv2%2Ftags&post=4268"}],"curies":[{"name":"wp","href":"https:\/\/api.w.org\/{rel}","templated":true}]}}