{"id":4253,"date":"2024-10-01T17:54:45","date_gmt":"2024-10-01T17:54:45","guid":{"rendered":"https:\/\/minutaregional.cl\/?p=4253"},"modified":"2024-10-01T17:54:45","modified_gmt":"2024-10-01T17:54:45","slug":"entregan-recursos-a-organizaciones-sociales-vinculadas-al-desarrollo-comunitario-y-del-deporte","status":"publish","type":"post","link":"https:\/\/minutaregional.cl\/?p=4253","title":{"rendered":"Entregan recursos a organizaciones sociales vinculadas al desarrollo comunitario y del deporte"},"content":{"rendered":"<p><em>En total, se asignaron recursos por cerca de 20 millones de pesos, abarcando agrupaciones de La Serena, La Higuera, Coquimbo y Andacollo.<\/em><\/p>\n<p>Un total de 20 organizaciones sociales de las comunas de La Serena, La Higuera, Coquimbo y Andacollo fueron reconocidas con diplomas por adjudicarse los Fondos Desconcentrados (FONDES) del Fondo Social Presidente de la Rep\u00fablica. Estos recursos representan una pieza clave en la promoci\u00f3n del desarrollo comunitario, la cohesi\u00f3n social y el fortalecimiento de organizaciones sin fines de lucro que trabajan por mejorar la calidad de vida de los sectores m\u00e1s vulnerables.<\/p>\n<p>El Delegado Presidencial Regional, Galo Luna Penna, destac\u00f3 el impacto de estos fondos en la regi\u00f3n: <strong>\u201cEsta entrega no solo fomenta la cohesi\u00f3n social, sino que tambi\u00e9n es una herramienta concreta para prevenir la delincuencia, uno de los problemas m\u00e1s urgentes que enfrentamos en la regi\u00f3n. Al fortalecer a las organizaciones sociales y ofrecer m\u00e1s espacios para actividades deportivas y culturales, estamos generando comunidad, un aspecto que el Presidente Gabriel Boric Font nos ha pedido priorizar\u201d.<\/strong><\/p>\n<p>Este financiamiento es parte del compromiso del Gobierno por impulsar proyectos que no solo complementen las pol\u00edticas de inversi\u00f3n del Estado, sino que tambi\u00e9n ofrezcan un enfoque preventivo frente a problem\u00e1ticas sociales. Las organizaciones beneficiadas han presentado proyectos que van desde el deporte hasta el apoyo a familias con ni\u00f1os que requieren cuidados especiales.<\/p>\n<p>En este contexto, Marcelo Galleguillos, Presidente de la Uni\u00f3n Comunal de Juntas de Vecinos de Andacollo, valor\u00f3 enormemente los recursos recibidos: <strong>\u201cEstos fondos, que no son menores, nos permiten seguir creciendo como organizaciones y como comunidad. Lo que esperamos es que este apoyo siga, porque es lo que necesitamos para avanzar en nuestra comuna\u201d.<\/strong><\/p>\n<p>Por su parte, Yanet Ampuero, Presidenta de la corporaci\u00f3n \u201cMarthe Gautier, Unidos por el cromosoma del amor\u201d, recalc\u00f3 la importancia de estos fondos en su trabajo: <strong>\u201cCon estos recursos podemos apoyar a m\u00e1s de 100 familias con ni\u00f1os y ni\u00f1as con s\u00edndrome de down. El costo de brindarles la atenci\u00f3n que necesitan es muy alto, y estos fondos nos ayudan a seguir adelante con nuestra misi\u00f3n de mejorar sus vidas\u201d.<\/strong><\/p>\n<p>La entrega de estos recursos representa un respaldo directo del Estado a las iniciativas locales que trabajan d\u00eda a d\u00eda por el bienestar de sus comunidades. Las autoridades presentes, Consejeros Regionales y Parlamentarios, subrayaron que este tipo de apoyo es fundamental para seguir construyendo una regi\u00f3n m\u00e1s unida, segura y participativa.<\/p>\n","protected":false},"excerpt":{"rendered":"<p>En total, se asignaron recursos por cerca de 20 millones de pesos, abarcando agrupaciones de La Serena, La Higuera, Coquimbo y Andacollo. Un total de 20 organizaciones sociales de las comunas de La Serena, La Higuera, Coquimbo y Andacollo fueron reconocidas con diplomas por adjudicarse los Fondos Desconcentrados (FONDES) del<\/p>\n","protected":false},"author":1,"featured_media":4254,"comment_status":"open","ping_status":"open","sticky":false,"template":"","format":"standard","meta":{"footnotes":""},"categories":[52],"tags":[],"class_list":["post-4253","post","type-post","status-publish","format-standard","has-post-thumbnail","hentry","category-dpr-coquimbo"],"_links":{"self":[{"href":"https:\/\/minutaregional.cl\/index.php?rest_route=\/wp\/v2\/posts\/4253","targetHints":{"allow":["GET"]}}],"collection":[{"href":"https:\/\/minutaregional.cl\/index.php?rest_route=\/wp\/v2\/posts"}],"about":[{"href":"https:\/\/minutaregional.cl\/index.php?rest_route=\/wp\/v2\/types\/post"}],"author":[{"embeddable":true,"href":"https:\/\/minutaregional.cl\/index.php?rest_route=\/wp\/v2\/users\/1"}],"replies":[{"embeddable":true,"href":"https:\/\/minutaregional.cl\/index.php?rest_route=%2Fwp%2Fv2%2Fcomments&post=4253"}],"version-history":[{"count":1,"href":"https:\/\/minutaregional.cl\/index.php?rest_route=\/wp\/v2\/posts\/4253\/revisions"}],"predecessor-version":[{"id":4255,"href":"https:\/\/minutaregional.cl\/index.php?rest_route=\/wp\/v2\/posts\/4253\/revisions\/4255"}],"wp:featuredmedia":[{"embeddable":true,"href":"https:\/\/minutaregional.cl\/index.php?rest_route=\/wp\/v2\/media\/4254"}],"wp:attachment":[{"href":"https:\/\/minutaregional.cl\/index.php?rest_route=%2Fwp%2Fv2%2Fmedia&parent=4253"}],"wp:term":[{"taxonomy":"category","embeddable":true,"href":"https:\/\/minutaregional.cl\/index.php?rest_route=%2Fwp%2Fv2%2Fcategories&post=4253"},{"taxonomy":"post_tag","embeddable":true,"href":"https:\/\/minutaregional.cl\/index.php?rest_route=%2Fwp%2Fv2%2Ftags&post=4253"}],"curies":[{"name":"wp","href":"https:\/\/api.w.org\/{rel}","templated":true}]}}