{"id":4250,"date":"2024-10-01T17:45:22","date_gmt":"2024-10-01T17:45:22","guid":{"rendered":"https:\/\/minutaregional.cl\/?p=4250"},"modified":"2024-10-01T17:45:22","modified_gmt":"2024-10-01T17:45:22","slug":"region-de-coquimbo-contara-con-sistema-automatizado-de-identificacion-biometrica","status":"publish","type":"post","link":"https:\/\/minutaregional.cl\/?p=4250","title":{"rendered":"Regi\u00f3n de Coquimbo contar\u00e1 con Sistema Automatizado de Identificaci\u00f3n Biom\u00e9trica"},"content":{"rendered":"<div class=\"col-md-9 bg-white p-0 page\">\n<div class=\"row-col p-5\">\n<p>Como una tecnolog\u00eda que reforzar\u00e1 el control migratorio y la persecuci\u00f3n penal, integrando bases de datos del Registro Civil, PDI e Interpol, las autoridades presentaron este lunes el Sistema Automatizado de Identificaci\u00f3n Biom\u00e9trica que se implementar\u00e1 en la regi\u00f3n.<\/p>\n<p>El Sistema ABIS, corresponde a una tecnolog\u00eda de identificaci\u00f3n automatizada multibiom\u00e9trica que permite el reconocimiento de personas a partir de registros dactilares, faciales y de voz, entre otros.<\/p>\n<p>El Delegado Presidencial Regional, Galo Luna, valor\u00f3 este acuerdo entre la Subsecretar\u00eda del Interior, AGORECHI y la Polic\u00eda de Investigaciones porque\u00a0<strong>\u201cnos va permitir implementar un sistema que avanza en la informaci\u00f3n biom\u00e9trica multicanal, vamos a poder tener ya un catastro biom\u00e9trico de voz, de huellas digitales y tambi\u00e9n oculares de las personas que se encuentren de manera irregular en nuestro pa\u00eds y con esto, vamos a poder perfeccionar el tratamiento y la persecuci\u00f3n de los delitos y brindar m\u00e1s seguridad a las familias del pa\u00eds, y en este caso, a la regi\u00f3n de Coquimbo\u201d<\/strong>, se\u00f1al\u00f3 la autoridad.<\/p>\n<p>De esta forma, se consolida una gran alianza por la seguridad del pa\u00eds, entre gobernadores regionales, Polic\u00eda de Investigaciones y el Gobierno, para tener un sistema automatizado de identificaci\u00f3n biom\u00e9trica. Tecnolog\u00eda que ser\u00e1 financiada por el Gobierno Regional, con un monto que supera los $1.300 millones.<\/p>\n<p><strong>\u201cEste proyecto que aprobamos en la \u00faltima sesi\u00f3n del Consejo Regional y que ya cuenta con los fondos para su implementaci\u00f3n. Nos va a ayudar enormemente al control migratorio, que hoy es uno de los puntos m\u00e1s prioritarios para los vecinos a nivel regional y en todo el pa\u00eds, pero, por sobre todo, es un tremendo avance respecto del combate contra la delincuencia, porque estamos hablando de un sistema que funciona en red a nivel nacional\u201c<\/strong>, coment\u00f3 el Gobernador regional, Darwin Ibacache.<\/p>\n<p>La Presidenta de la Comisi\u00f3n de R\u00e9gimen Interno del Consejo Regional, Paola Cort\u00e9s, valor\u00f3 que Coquimbo se sume a las regiones que ya lo hab\u00edan implementado.\u00a0<strong>\u201cEs un sistema que en alg\u00fan momento va a estar a nivel nacional, que no se va a trabajar en forma aislada en regiones, sino que va a poder ser un plan donde en todo el pa\u00eds podamos tener los datos necesarios para combatir la delincuencia\u201d.<\/strong><\/p>\n<p>Este sistema permitir\u00e1 contar con una base de datos con el registro de huellas, rostro y voz de personas que ingresen al pa\u00eds de manera irregular, integrando y contrastando esa informaci\u00f3n con las bases del Registro Civil, PDI e Interpol, y eventualmente otros pa\u00edses, lo que permitir\u00e1 optimizar las investigaciones penales y forenses y reforzar el control migratorio.<\/p>\n<p>El Jefe de la Regi\u00f3n Policial Coquimbo de la PDI, Prefecto Inspector Ernesto Le\u00f3n, explic\u00f3 que \u201c<strong>esto se va a desarrollar en nuestros cuarteles policiales, a trav\u00e9s de estaciones bases y tambi\u00e9n en la poblaci\u00f3n o en cualquier sector de la regi\u00f3n, a trav\u00e9s de tablets que son equipos especializados con los cuales nuestros detectives van a poder hacer las consultas a nivel nacional y a bases de datos extranjeros. Esto va a estar unificado con las bases de datos institucionales, del registro civil y tambi\u00e9n por supuesto, con Interpol\u201d,<\/strong>\u00a0concluy\u00f3.<\/p>\n<p><a class=\"btn btn-outline-primary rounded-pill px-5\" href=\"https:\/\/dprcoquimbo.dpr.gob.cl\/2024\/09\/30\/region-de-coquimbo-contara-con-sistema-automatizado-de-identificacion-biometrica\/#\"><i class=\"fa-solid fa-angle-left\"><\/i>\u00a0Volver<\/a><\/div>\n<\/div>\n<div class=\"col-md-3 sidebar\">\n<div class=\"row\">\n<div class=\"col-12 rrss\"><\/div>\n<\/div>\n<\/div>\n","protected":false},"excerpt":{"rendered":"<p>Como una tecnolog\u00eda que reforzar\u00e1 el control migratorio y la persecuci\u00f3n penal, integrando bases de datos del Registro Civil, PDI e Interpol, las autoridades presentaron este lunes el Sistema Automatizado de Identificaci\u00f3n Biom\u00e9trica que se implementar\u00e1 en la regi\u00f3n. El Sistema ABIS, corresponde a una tecnolog\u00eda de identificaci\u00f3n automatizada multibiom\u00e9trica<\/p>\n","protected":false},"author":1,"featured_media":4251,"comment_status":"open","ping_status":"open","sticky":false,"template":"","format":"standard","meta":{"footnotes":""},"categories":[52],"tags":[],"class_list":["post-4250","post","type-post","status-publish","format-standard","has-post-thumbnail","hentry","category-dpr-coquimbo"],"_links":{"self":[{"href":"https:\/\/minutaregional.cl\/index.php?rest_route=\/wp\/v2\/posts\/4250","targetHints":{"allow":["GET"]}}],"collection":[{"href":"https:\/\/minutaregional.cl\/index.php?rest_route=\/wp\/v2\/posts"}],"about":[{"href":"https:\/\/minutaregional.cl\/index.php?rest_route=\/wp\/v2\/types\/post"}],"author":[{"embeddable":true,"href":"https:\/\/minutaregional.cl\/index.php?rest_route=\/wp\/v2\/users\/1"}],"replies":[{"embeddable":true,"href":"https:\/\/minutaregional.cl\/index.php?rest_route=%2Fwp%2Fv2%2Fcomments&post=4250"}],"version-history":[{"count":1,"href":"https:\/\/minutaregional.cl\/index.php?rest_route=\/wp\/v2\/posts\/4250\/revisions"}],"predecessor-version":[{"id":4252,"href":"https:\/\/minutaregional.cl\/index.php?rest_route=\/wp\/v2\/posts\/4250\/revisions\/4252"}],"wp:featuredmedia":[{"embeddable":true,"href":"https:\/\/minutaregional.cl\/index.php?rest_route=\/wp\/v2\/media\/4251"}],"wp:attachment":[{"href":"https:\/\/minutaregional.cl\/index.php?rest_route=%2Fwp%2Fv2%2Fmedia&parent=4250"}],"wp:term":[{"taxonomy":"category","embeddable":true,"href":"https:\/\/minutaregional.cl\/index.php?rest_route=%2Fwp%2Fv2%2Fcategories&post=4250"},{"taxonomy":"post_tag","embeddable":true,"href":"https:\/\/minutaregional.cl\/index.php?rest_route=%2Fwp%2Fv2%2Ftags&post=4250"}],"curies":[{"name":"wp","href":"https:\/\/api.w.org\/{rel}","templated":true}]}}