{"id":4247,"date":"2024-09-30T12:49:22","date_gmt":"2024-09-30T12:49:22","guid":{"rendered":"https:\/\/minutaregional.cl\/?p=4247"},"modified":"2024-10-01T12:53:35","modified_gmt":"2024-10-01T12:53:35","slug":"las-medidas-que-propone-la-reforma-previsional-para-incrementar-los-ahorros-de-los-trabajadores-independientes-no-obligados-a-cotizar-y-los-afiliados-voluntarios","status":"publish","type":"post","link":"https:\/\/minutaregional.cl\/?p=4247","title":{"rendered":"Las medidas que propone la reforma previsional para incrementar los ahorros de los trabajadores independientes no obligados a cotizar y los afiliados voluntarios"},"content":{"rendered":"<ul>\n<li><strong><em>La Comisi\u00f3n de Trabajo del Senado aprob\u00f3, ad referendum, mecanismos para mejorar la constancia en el tiempo de las cotizaciones y elevar el ahorro de estos grupos. <\/em><\/strong><\/li>\n<\/ul>\n<p>A fines de agosto e inicios de septiembre, la Comisi\u00f3n de Trabajo y Previsi\u00f3n Social del Senado aprob\u00f3, <em>ad referendum<\/em>, dos medidas contempladas en la reforma previsional del Gobierno que buscan aumentar la densidad de cotizaciones y potenciar el ahorro previsional. Se trata del Seguro de Lagunas y el alza del tope imponible.<\/p>\n<p>Pero la reforma contin\u00faa su avance y el mi\u00e9rcoles 25 de septiembre, la instancia legislativa vis\u00f3, tambi\u00e9n <em>ad referendum<\/em>, dos nuevas iniciativas que buscan el mismo objetivo de fortalecer el ahorro para pensiones de dos grupos espec\u00edficos: los trabajadores independientes no obligados a cotizar y los afiliados voluntarios.<\/p>\n<p>La ministra del Trabajo y Previsi\u00f3n Social, Jeannette Jara, indic\u00f3 que \u201cexiste un acuerdo transversal de que necesitamos incrementar el ahorro previsional para mejorar las futuras pensiones, lo que fue refrendado por el Comit\u00e9 T\u00e9cnico que se cre\u00f3 al alero de la Comisi\u00f3n de Trabajo del Senado. Con estas medidas, buscamos simplificar y facilitar la cotizaci\u00f3n de grupos espec\u00edficos de trabajadores y afiliados\u201d.<\/p>\n<p>En la regi\u00f3n de Coquimbo el Seremi del Trabajo, Francisco Brizuela, destac\u00f3 los avances que se han obtenido en la Comisi\u00f3n de Trabajo del Senado y dijo que \u201ces relevante que se aprueben este tipo de iniciativas que buscan potenciar el ahorro y aumentos en la densidad de las cotizaciones previsionales, especialmente de los sectores de la ciudadan\u00eda m\u00e1s propensos a las lagunas previsionales fundamentalmente en trabajadores independientes lo que permitir\u00e1 robustecer el ahorro previsional y aportar al aumento de su futura pensi\u00f3n.\u201d<\/p>\n<p>Con todo, es necesario preguntarse: \u00bfqui\u00e9nes son los trabajadores independientes no obligados a cotizar, pero que pueden hacerlo voluntariamente, y los afiliados voluntarios? Para esto, hay que ir por parte.<\/p>\n<p>&nbsp;<\/p>\n<p><strong>Independientes no obligados <\/strong><\/p>\n<p>Considerando la calidad contractual o del tipo de afiliaci\u00f3n al sistema de pensiones, existen varios tipos de cotizantes. El grupo mayor es el de los trabajadores dependientes, que son aquellos que tienen un contrato de trabajo y que pagan obligatoriamente sus cotizaciones, las que son retenidas por el empleador para ser depositadas en su cuenta individual de AFP.<\/p>\n<p>Seg\u00fan la \u00faltima Ficha Estad\u00edstica Previsional de la Superintendencia de Pensiones, en julio pasado fueron 5,6 millones de personas las que cotizaron en calidad de dependientes.<\/p>\n<p>Tambi\u00e9n est\u00e1n los trabajadores independientes, que realizan una actividad econ\u00f3mica por cuenta propia y\/o que emiten boletas de honorarios. En este grupo est\u00e1n los obligados a cotizar, seg\u00fan lo estableci\u00f3 la reforma previsional de 2008, y son aquellos trabajadores independientes que emiten boletas de honorarios. En este caso, la cotizaci\u00f3n se efect\u00faa en la Operaci\u00f3n Renta de cada a\u00f1o, con cargo a la devoluci\u00f3n de impuesto a la renta.<\/p>\n<p>En el mismo grupo de los trabajadores independientes est\u00e1n los que realizan una actividad econ\u00f3mica por cuenta propia y que no est\u00e1n obligados a cotizar, pero que pueden hacerlo voluntariamente para los reg\u00edmenes previsionales de salud y pensiones, como lo consigna el Decreto Ley 3.500, que regula el sistema de pensiones. Esto se efect\u00faa seg\u00fan la renta que declaren, que no puede ser inferior al ingreso m\u00ednimo ni superior al tope imponible, y es de cargo personal.<\/p>\n<p>Para cotizar, los trabajadores independientes no obligados deben hacerlo de forma mensual, ya sea de manera presencial o por medios electr\u00f3nicos, y declarar constantemente la renta. Esto supone un desincentivo, pues requiere tiempo y constancia.<\/p>\n<p>Para facilitar la cotizaci\u00f3n de este grupo y as\u00ed aumentar su volumen de ahorro previsional y su pensi\u00f3n, la propuesta del Ejecutivo que la Comisi\u00f3n de Trabajo y Previsi\u00f3n Social del Senado aprob\u00f3, <em>ad referendum, <\/em>consiste en un mecanismo simplificado de cotizaci\u00f3n mediante la posibilidad de un convenio de pago autom\u00e1tico de parte del afiliado, con cargo a sus cuentas bancarias, por el plazo de un a\u00f1o y renovable autom\u00e1ticamente.<\/p>\n<p>De esta manera, el afiliado s\u00f3lo declarar\u00e1 renta una vez al a\u00f1o y no tendr\u00e1 que ingresar todos los meses a pagar, lo que incentivar\u00e1 la constancia para su aporte previsional y, por ende, mejorar\u00e1 su futura pensi\u00f3n.<\/p>\n<p>En julio de 2024 cotizaron, de forma voluntaria, 52.080 trabajadores independientes no obligados a hacerlo: 33.111 fueron hombres y 18.969, mujeres. La cotizaci\u00f3n de este grupo en dicho mes fue por un ingreso promedio de $750.805, de acuerdo a informaci\u00f3n de la Superintendencia de Pensiones.<\/p>\n<p>&nbsp;<\/p>\n<p><strong>\u00bfY los afiliados voluntarios?<\/strong><\/p>\n<p>Los afiliados voluntarios son personas que, sin ejercer una actividad remunerada, enteran cotizaciones previsionales en una cuenta de capitalizaci\u00f3n individual voluntaria en una AFP. Estas cotizaciones pueden ser efectuadas por otra persona natural en su nombre y con la periodicidad que estime conveniente. Por ejemplo, un padre o madre puede enterar cotizaciones en una cuenta individual voluntaria de hijos o hijas.<\/p>\n<p>La cotizaci\u00f3n no puede ser inferior a la que se calcule respecto del monto del ingreso m\u00ednimo para fines no remuneracionales ($322.295).<\/p>\n<p>Para facilitar la cotizaci\u00f3n en beneficio de los afiliados voluntarios, la Comisi\u00f3n de Trabajo y Previsi\u00f3n Social del Senado tambi\u00e9n aprob\u00f3, <em>ad referendum, <\/em>otra propuesta del Ejecutivo que busca ampliar el universo de afiliados voluntarios que podr\u00edan recibir el pago de cotizaciones por parte de un tercero.<\/p>\n<p>En este sentido, la propuesta establece que se permitir\u00e1 que un trabajador pueda autorizar descuentos por planilla con su empleador, destinados a la cuenta de capitalizaci\u00f3n individual de afiliado voluntario de sus hijos o hijas. La regulaci\u00f3n actual s\u00f3lo permite que se pueden destinar a cuenta de afiliado voluntario de c\u00f3nyuge o conviviente civil.<\/p>\n<p>Adem\u00e1s, se facilitar\u00e1 la cotizaci\u00f3n en favor de c\u00f3nyuge, conviviente civil o los hijos, incluso cuando perciban una remuneraci\u00f3n y, por tanto, coticen previsionalmente de forma obligatoria.<\/p>\n<p>Los datos de la Superintendencia de Pensiones indican que, a julio de 2024, cotizaron un total de 970 afiliados voluntarios: 382 fueron hombres y 588, mujeres, quienes aportaron por un ingreso promedio de $601.045.<\/p>\n<p>&nbsp;<\/p>\n<p>&nbsp;<\/p>\n<p>&nbsp;<\/p>\n<p>&nbsp;<\/p>\n<p>&nbsp;<\/p>\n<p>&nbsp;<\/p>\n","protected":false},"excerpt":{"rendered":"<p>La Comisi\u00f3n de Trabajo del Senado aprob\u00f3, ad referendum, mecanismos para mejorar la constancia en el tiempo de las cotizaciones y elevar el ahorro de estos grupos. A fines de agosto e inicios de septiembre, la Comisi\u00f3n de Trabajo y Previsi\u00f3n Social del Senado aprob\u00f3, ad referendum, dos medidas contempladas<\/p>\n","protected":false},"author":1,"featured_media":4248,"comment_status":"open","ping_status":"open","sticky":false,"template":"","format":"standard","meta":{"footnotes":""},"categories":[1],"tags":[],"class_list":["post-4247","post","type-post","status-publish","format-standard","has-post-thumbnail","hentry","category-noticias-regionales"],"_links":{"self":[{"href":"https:\/\/minutaregional.cl\/index.php?rest_route=\/wp\/v2\/posts\/4247","targetHints":{"allow":["GET"]}}],"collection":[{"href":"https:\/\/minutaregional.cl\/index.php?rest_route=\/wp\/v2\/posts"}],"about":[{"href":"https:\/\/minutaregional.cl\/index.php?rest_route=\/wp\/v2\/types\/post"}],"author":[{"embeddable":true,"href":"https:\/\/minutaregional.cl\/index.php?rest_route=\/wp\/v2\/users\/1"}],"replies":[{"embeddable":true,"href":"https:\/\/minutaregional.cl\/index.php?rest_route=%2Fwp%2Fv2%2Fcomments&post=4247"}],"version-history":[{"count":1,"href":"https:\/\/minutaregional.cl\/index.php?rest_route=\/wp\/v2\/posts\/4247\/revisions"}],"predecessor-version":[{"id":4249,"href":"https:\/\/minutaregional.cl\/index.php?rest_route=\/wp\/v2\/posts\/4247\/revisions\/4249"}],"wp:featuredmedia":[{"embeddable":true,"href":"https:\/\/minutaregional.cl\/index.php?rest_route=\/wp\/v2\/media\/4248"}],"wp:attachment":[{"href":"https:\/\/minutaregional.cl\/index.php?rest_route=%2Fwp%2Fv2%2Fmedia&parent=4247"}],"wp:term":[{"taxonomy":"category","embeddable":true,"href":"https:\/\/minutaregional.cl\/index.php?rest_route=%2Fwp%2Fv2%2Fcategories&post=4247"},{"taxonomy":"post_tag","embeddable":true,"href":"https:\/\/minutaregional.cl\/index.php?rest_route=%2Fwp%2Fv2%2Ftags&post=4247"}],"curies":[{"name":"wp","href":"https:\/\/api.w.org\/{rel}","templated":true}]}}