{"id":4240,"date":"2024-09-27T21:39:14","date_gmt":"2024-09-27T21:39:14","guid":{"rendered":"https:\/\/minutaregional.cl\/?p=4240"},"modified":"2024-09-27T21:39:14","modified_gmt":"2024-09-27T21:39:14","slug":"corporaciones-de-asistencia-judicial-celebran-dia-nacional-de-acceso-a-la-justicia-con-masivos-despliegues","status":"publish","type":"post","link":"https:\/\/minutaregional.cl\/?p=4240","title":{"rendered":"Corporaciones de Asistencia Judicial celebran \u201cD\u00eda Nacional de Acceso a la Justicia\u201d con masivos despliegues"},"content":{"rendered":"<p>Con masivos despliegues de sus l\u00edneas y programas especializados, las Corporaciones de Asistencia Judicial conmemoraron el \u201cD\u00eda Nacional de Acceso a la Justicia\u201d este 27 de septiembre en todas las regiones del pa\u00eds.<\/p>\n<p>Los hitos fueron encabezados por autoridades locales, junto a las Directoras y Directores del Servicio, quienes acompa\u00f1aron a los profesionales a cargo de la atenci\u00f3n socio-jur\u00eddica en las Plazas de Acceso a la Justicia y las charlas dictadas en materias de infancia, personas mayores, entre otras.<\/p>\n<p>En el caso de la regi\u00f3n de Coquimbo, el director regional Marcos L\u00f3pez, se\u00f1al\u00f3 que \u201cla Corporaci\u00f3n de Asistencia Judicial en el d\u00eda de hoy, en relaci\u00f3n al acceso a la justicia, se ha desplegado en la comuna de Andacollo, realizando diversas atenciones, orientaciones y charlas. Estamos muy satisfechos con la actividad porque pudimos acercar el acceso a la justicia a la comuna de Andacollo\u201d.<\/p>\n<p>Por su parte, la seremi de Justicia y Derechos Humanos de la regi\u00f3n de Coquimbo, Mar\u00eda Jos\u00e9 Rojas, destac\u00f3 la presencia de todos los servicios de la CAJ en esta jornada. \u201cHoy d\u00eda participamos como Serem\u00eda en conjunto con la Corporaci\u00f3n de Asistencia Judicial, en la celebraci\u00f3n, en esta fiesta de la justicia, en el D\u00eda Nacional del acceso a la Justicia, donde nos desplazamos a la comuna de Andacollo para llegar a la comunidad con todos los servicios que presenta la Corporaci\u00f3n de Asistencia Judicial y poder participar con las personas y la comunidad en general, de manera directa, tanto en atenciones como en charlas informativas respecto de sus derechos para empoderar a la poblaci\u00f3n y que pueda hacer efectivo su ejercicio de derechos\u201d.<\/p>\n<p>\u201cEstamos contentos, fuimos recibidos por la Municipalidad en el edificio consistorial de la comuna de Andacollo, donde nos abri\u00f3 sus puertas y pudimos recibir a toda la poblaci\u00f3n que se acerc\u00f3 de manera entusiasta para conversar con los distintos profesionales y las profesionales que pudieron concurrir a esta actividad. Damos las gracias a quienes nos dieron y nos facilitaron el ejercicio de este d\u00eda y poder continuar con el acceso a la justicia para todos y todas como ha sido mandatado por nuestro Gobierno\u201d.<\/p>\n<p><strong>V\u00cdNCULO CON LA COMUNIDAD<\/strong><\/p>\n<p>El \u201cD\u00eda Nacional de Acceso a la Justicia\u00bb, surgi\u00f3 en 2016 en Mallarauco, en el marco del debate y reflexi\u00f3n sobre el sistema nacional de acceso a la justicia, como una iniciativa conjunta de las Corporaciones de Asistencia Judicial, sus gremios, y el Ministerio de Justicia y Derechos Humanos. Su objetivo es destacar el trabajo realizado, fortalecer el v\u00ednculo con la comunidad y reafirmar el compromiso continuo de acercar la justicia a las personas m\u00e1s vulnerables.<\/p>\n<p>Las actividades organizadas por las cuatro Corporaciones de Asistencia Judicial, tuvieron por objetivo ofrecer un contacto directo con la comunidad, facilitando el acceso de los vecinos a los servicios de justicia m\u00e1s solicitados, junto con acercar la orientaci\u00f3n jur\u00eddica a zonas prioritarias.<\/p>\n","protected":false},"excerpt":{"rendered":"<p>Con masivos despliegues de sus l\u00edneas y programas especializados, las Corporaciones de Asistencia Judicial conmemoraron el \u201cD\u00eda Nacional de Acceso a la Justicia\u201d este 27 de septiembre en todas las regiones del pa\u00eds. Los hitos fueron encabezados por autoridades locales, junto a las Directoras y Directores del Servicio, quienes acompa\u00f1aron<\/p>\n","protected":false},"author":1,"featured_media":4242,"comment_status":"open","ping_status":"open","sticky":false,"template":"","format":"standard","meta":{"footnotes":""},"categories":[7],"tags":[],"class_list":["post-4240","post","type-post","status-publish","format-standard","has-post-thumbnail","hentry","category-serviciospublicos"],"_links":{"self":[{"href":"https:\/\/minutaregional.cl\/index.php?rest_route=\/wp\/v2\/posts\/4240","targetHints":{"allow":["GET"]}}],"collection":[{"href":"https:\/\/minutaregional.cl\/index.php?rest_route=\/wp\/v2\/posts"}],"about":[{"href":"https:\/\/minutaregional.cl\/index.php?rest_route=\/wp\/v2\/types\/post"}],"author":[{"embeddable":true,"href":"https:\/\/minutaregional.cl\/index.php?rest_route=\/wp\/v2\/users\/1"}],"replies":[{"embeddable":true,"href":"https:\/\/minutaregional.cl\/index.php?rest_route=%2Fwp%2Fv2%2Fcomments&post=4240"}],"version-history":[{"count":1,"href":"https:\/\/minutaregional.cl\/index.php?rest_route=\/wp\/v2\/posts\/4240\/revisions"}],"predecessor-version":[{"id":4241,"href":"https:\/\/minutaregional.cl\/index.php?rest_route=\/wp\/v2\/posts\/4240\/revisions\/4241"}],"wp:featuredmedia":[{"embeddable":true,"href":"https:\/\/minutaregional.cl\/index.php?rest_route=\/wp\/v2\/media\/4242"}],"wp:attachment":[{"href":"https:\/\/minutaregional.cl\/index.php?rest_route=%2Fwp%2Fv2%2Fmedia&parent=4240"}],"wp:term":[{"taxonomy":"category","embeddable":true,"href":"https:\/\/minutaregional.cl\/index.php?rest_route=%2Fwp%2Fv2%2Fcategories&post=4240"},{"taxonomy":"post_tag","embeddable":true,"href":"https:\/\/minutaregional.cl\/index.php?rest_route=%2Fwp%2Fv2%2Ftags&post=4240"}],"curies":[{"name":"wp","href":"https:\/\/api.w.org\/{rel}","templated":true}]}}