{"id":4225,"date":"2024-09-25T18:31:50","date_gmt":"2024-09-25T18:31:50","guid":{"rendered":"https:\/\/minutaregional.cl\/?p=4225"},"modified":"2024-09-25T18:31:50","modified_gmt":"2024-09-25T18:31:50","slug":"monte-patria-se-convierte-en-el-primer-municipio-del-limari-en-firmar-convenio-con-el-servicio-de-reinsercion-social-juvenil-de-coquimbo","status":"publish","type":"post","link":"https:\/\/minutaregional.cl\/?p=4225","title":{"rendered":"Monte Patria se convierte en el primer municipio del Limar\u00ed en firmar convenio con el Servicio de Reinserci\u00f3n Social Juvenil de Coquimbo"},"content":{"rendered":"<p><em>El acuerdo adoptado mandata a la comuna de los \u201cValles Generosos\u201d a priorizar su oferta comunal, para garantizar la atenci\u00f3n de adolescentes y j\u00f3venes en proceso de reinserci\u00f3n. <\/em><\/p>\n<p>En el marco de la instalaci\u00f3n del Servicio Nacional de Reinserci\u00f3n Social Juvenil (SRJ) en la Regi\u00f3n de Coquimbo, la directora Loreto Rebolledo Rissetti y el alcalde de Monte Patria, Cristian Herrera Pe\u00f1a, suscribieron un convenio de colaboraci\u00f3n.<\/p>\n<p>La firma del documento se realiz\u00f3 durante la sesi\u00f3n ordinaria del Consejo Comunal de Seguridad P\u00fablica, y cont\u00f3 con la presencia de la seremi de Justicia y Derechos Humanos, Mar\u00eda Jos\u00e9 Rojas, quien se\u00f1al\u00f3 que \u201cpara nuestro presidente Gabriel Boric es de suma importancia la reinserci\u00f3n social, en especial de nuestros j\u00f3venes, por lo que es relevante involucrar a todas y todos los actores para lograr este cometido. En este sentido, las municipalidades juegan un rol primordial, principalmente en comunas como Monte Patria donde son el referente del Estado. Contar con su apoyo y colaboraci\u00f3n hace posible cumplir con los objetivos de una sociedad mejor\u201d.<\/p>\n<p>La Ley 21.527 que crea el SRJ mandata que las direcciones regionales suscriban convenios con los municipios. En la regi\u00f3n de Coquimbo, la alcald\u00eda de Monte Patria se convierte en la tercera en adoptar el acuerdo, y la primera de la Provincia del Limar\u00ed.<\/p>\n<p>Al respecto, el edil Cristian Herrera manifest\u00f3 que \u201cpara nosotros, firmar este convenio significa ser actores relevantes en la reinserci\u00f3n. Cuando podemos ir en ayuda de adolescentes y j\u00f3venes que han infringido la ley, desde nuestra institucionalidad para favorecer su reinserci\u00f3n, tomamos un rol activo. Estamos contentos de ser la primera comuna del Limar\u00ed en firmar este acuerdo, porque lo queremos implementar y entregar el m\u00e1ximo como municipalidad, para reinsertar a nuestros j\u00f3venes en la sociedad\u201d, finaliz\u00f3.<\/p>\n<p>En tanto, la directora del SRJ Coquimbo, Loreto Rebolledo, se\u00f1al\u00f3 que \u201cformar v\u00ednculos con los gobiernos locales, en este caso con Monte Patria, es de vital importancia para el servicio, ya que los j\u00f3venes que est\u00e1n cumpliendo alg\u00fan tipo de medida o sanci\u00f3n habitan estos lugares. Tenemos una poblaci\u00f3n de j\u00f3venes que es de la comuna y tambi\u00e9n sus familias, por lo tanto, articular el trabajo con el municipio nos abre las puertas para que adolescentes y j\u00f3venes accedan a la oferta local de mejor manera\u201d.<\/p>\n<p>El acuerdo suscrito compromete a ambas partes a colaborar y a realizar acciones de manera coordinada, con el fin de implementar en la regi\u00f3n el Plan de Acci\u00f3n Intersectorial de Reinserci\u00f3n Social Juvenil, a trav\u00e9s del Comit\u00e9 Operativo Regional (COR).<\/p>\n<p>Asimismo, compromete al municipio montepatrino a entregar atenci\u00f3n a adolescentes y j\u00f3venes de la comuna que est\u00e9n sujetos a alguna medida o sanci\u00f3n, as\u00ed como a informar al Comit\u00e9 Operativo Regional situaciones particulares que involucren a j\u00f3venes y adolescentes en conflicto con la ley al interior del territorio comunal y que requieran de una respuesta intersectorial, entre otros.<\/p>\n","protected":false},"excerpt":{"rendered":"<p>El acuerdo adoptado mandata a la comuna de los \u201cValles Generosos\u201d a priorizar su oferta comunal, para garantizar la atenci\u00f3n de adolescentes y j\u00f3venes en proceso de reinserci\u00f3n. En el marco de la instalaci\u00f3n del Servicio Nacional de Reinserci\u00f3n Social Juvenil (SRJ) en la Regi\u00f3n de Coquimbo, la directora Loreto<\/p>\n","protected":false},"author":1,"featured_media":4226,"comment_status":"open","ping_status":"open","sticky":false,"template":"","format":"standard","meta":{"footnotes":""},"categories":[7],"tags":[],"class_list":["post-4225","post","type-post","status-publish","format-standard","has-post-thumbnail","hentry","category-serviciospublicos"],"_links":{"self":[{"href":"https:\/\/minutaregional.cl\/index.php?rest_route=\/wp\/v2\/posts\/4225","targetHints":{"allow":["GET"]}}],"collection":[{"href":"https:\/\/minutaregional.cl\/index.php?rest_route=\/wp\/v2\/posts"}],"about":[{"href":"https:\/\/minutaregional.cl\/index.php?rest_route=\/wp\/v2\/types\/post"}],"author":[{"embeddable":true,"href":"https:\/\/minutaregional.cl\/index.php?rest_route=\/wp\/v2\/users\/1"}],"replies":[{"embeddable":true,"href":"https:\/\/minutaregional.cl\/index.php?rest_route=%2Fwp%2Fv2%2Fcomments&post=4225"}],"version-history":[{"count":1,"href":"https:\/\/minutaregional.cl\/index.php?rest_route=\/wp\/v2\/posts\/4225\/revisions"}],"predecessor-version":[{"id":4227,"href":"https:\/\/minutaregional.cl\/index.php?rest_route=\/wp\/v2\/posts\/4225\/revisions\/4227"}],"wp:featuredmedia":[{"embeddable":true,"href":"https:\/\/minutaregional.cl\/index.php?rest_route=\/wp\/v2\/media\/4226"}],"wp:attachment":[{"href":"https:\/\/minutaregional.cl\/index.php?rest_route=%2Fwp%2Fv2%2Fmedia&parent=4225"}],"wp:term":[{"taxonomy":"category","embeddable":true,"href":"https:\/\/minutaregional.cl\/index.php?rest_route=%2Fwp%2Fv2%2Fcategories&post=4225"},{"taxonomy":"post_tag","embeddable":true,"href":"https:\/\/minutaregional.cl\/index.php?rest_route=%2Fwp%2Fv2%2Ftags&post=4225"}],"curies":[{"name":"wp","href":"https:\/\/api.w.org\/{rel}","templated":true}]}}