{"id":4219,"date":"2024-09-22T19:34:53","date_gmt":"2024-09-22T19:34:53","guid":{"rendered":"https:\/\/minutaregional.cl\/?p=4219"},"modified":"2024-09-24T19:37:33","modified_gmt":"2024-09-24T19:37:33","slug":"sector-minero-alcanza-su-cifra-mas-alta-de-ocupados-en-el-ultimo-trimestre-en-la-region-de-coquimbo","status":"publish","type":"post","link":"https:\/\/minutaregional.cl\/?p=4219","title":{"rendered":"Sector minero alcanza su cifra m\u00e1s alta de ocupados en el \u00faltimo trimestre en la Regi\u00f3n de Coquimbo"},"content":{"rendered":"<p><em>Seg\u00fan los \u00faltimos datos presentados por el Observatorio Laboral Regional (OLR) de Coquimbo, a trav\u00e9s del Term\u00f3metro Laboral del mes de septiembre, la miner\u00eda super\u00f3 los 40.000 ocupados.<\/em><\/p>\n<p>Una vez m\u00e1s, el sector productivo de la miner\u00eda se ha mantenido dentro de las tres actividades econ\u00f3micas que m\u00e1s generan empleo, y contin\u00faa impactando positivamente en el mercado laboral en la Regi\u00f3n de Coquimbo, situaci\u00f3n que evidenciada en los 50.205 ocupados registrados en el \u00faltimo trimestre de mayo, junio y julio del 2024, periodo donde el sector minero super\u00f3 lo que hab\u00eda sido su cifra m\u00e1s alta de 40.000 ocupados.<\/p>\n<p>La Miner\u00eda, el Comercio y el sector de Ense\u00f1anza se han mantenido como las actividades econ\u00f3micas que m\u00e1s generan empleo en la Regi\u00f3n de Coquimbo, donde a pesar de que el Comercio ha disminuido el n\u00famero de personas ocupadas en 15,4% durante los \u00faltimos 12 meses, el sector concentra el 15,7% de los ocupados equivalente a 59.056 personas ocupadas, mientras que, por su parte el sector de Ense\u00f1anza y Miner\u00eda ha presentado una variaci\u00f3n positiva de 18,7% y 10%, concentrando el 13,3% y 9,7% de ocupados en cada sector respectivamente.<\/p>\n<p><strong>PROYECCIONES POSITIVAS<\/strong><\/p>\n<p>Por otro lado, teniendo en cuenta este crecimiento en la cantidad de ocupados en el sector minero, al analizarse las cifras del IMACEC sector minero en doce meses, se observa un aumento en 3,6 pp., lo cual proyecta que este sector contin\u00fae impulsando la creaci\u00f3n de empleos en los pr\u00f3ximos meses.<\/p>\n<p>Al respecto, el Seremi del Trabajo y Previsi\u00f3n Social, Francisco Brizuela Tapia, se refiri\u00f3 a esta proyecci\u00f3n, manifestando que \u201cdesde el Gobierno hemos tomado la iniciativa de generar espacios propicios para la inversi\u00f3n de tal forma de poder concretar proyectos que generen empleos. As\u00ed ya hemos tomado contacto con las empresas, con asentamiento en la regi\u00f3n, a trav\u00e9s de la Mesa de Empleabilidad impulsada por SENCE, acordonando un trabajo conjunto para abordar las necesidades de contrataci\u00f3n de trabajadores y trabajadoras de la zona con el objetivo de avanzar en procesos de capacitaci\u00f3n y de disposici\u00f3n de talentos regionales que se sumen a esta proyecci\u00f3n y crecimiento del empleo no s\u00f3lo en el sector minero, sino tambi\u00e9n en otras \u00e1reas como la Construcci\u00f3n, Agricultura y Turismo, entre otras\u201d.<\/p>\n<p><strong>DINAMISMO EN LA MINER\u00cdA<\/strong><\/p>\n<p>Un amplio dinamismo es el que presenta el sector minero, puesto que se ha detectado que la actividad econ\u00f3mica de las y los trabajadores no s\u00f3lo se concentra en su regi\u00f3n de residencia, sino que es compartida por otras regiones como Antofagasta, Atacama y Tarapac\u00e1. As\u00ed lo explica la directora del OLR de Coquimbo, Karen Vargas Santander.<\/p>\n<p>\u201cEn la Regi\u00f3n de Coquimbo, el sector minero ha sido un motor importante del dinamismo laboral, debido a que la actividad econ\u00f3mica de sus trabajadores y trabajadoras no se restringe solo a su \u00e1rea de residencia, sino que es compartida con otras regiones mineras. Esto permite aprovechar oportunidades m\u00e1s all\u00e1 de la miner\u00eda local, sino que tambi\u00e9n permite generar sinergias, contribuyendo al dinamismo laboral de todo el norte de Chile\u201d.<\/p>\n<p>De esta manera, al analizar las tendencias desde el a\u00f1o 2014, los ocupados que permanecen en la regi\u00f3n muestran cierta estabilidad en cuanto al n\u00famero de ocupados, al igual que otras regiones distintas a las de Coquimbo. En este sentido, y seg\u00fan los \u00faltimos datos registrados en el \u00faltimo trimestre, el 44,9% de personas ocupadas que vive en la regi\u00f3n de Coquimbo, debe trasladarse a la regi\u00f3n de Antofagasta para trabajar, seguido de Atacama con un 17,8% y Tarapac\u00e1 con un 4,2%. Mientras que, en la regi\u00f3n de Coquimbo trabaja el 31,2% de las personas ocupadas del sector minero.<\/p>\n<p>El Term\u00f3metro Laboral es un documento que mensualmente elaboran las y los profesionales del\u00a0<a href=\"https:\/\/www.subtrab.gob.cl\/division-politicas-de-empleo\/prospeccion-laboral\/POL\/\">Observatorio Laboral de Coquimbo<\/a>, una iniciativa ejecutada por la Escuela de Ciencias Empresariales de la\u00a0<a href=\"http:\/\/www.ucn.cl\/\">Universidad Cat\u00f3lica del Norte<\/a>\u00a0y financiada por la\u00a0<a href=\"https:\/\/www.subtrab.gob.cl\/\">Subsecretar\u00eda del Trabajo<\/a>, en el marco de la Estrategia Nacional de Prospecci\u00f3n Laboral.<\/p>\n","protected":false},"excerpt":{"rendered":"<p>Seg\u00fan los \u00faltimos datos presentados por el Observatorio Laboral Regional (OLR) de Coquimbo, a trav\u00e9s del Term\u00f3metro Laboral del mes de septiembre, la miner\u00eda super\u00f3 los 40.000 ocupados. Una vez m\u00e1s, el sector productivo de la miner\u00eda se ha mantenido dentro de las tres actividades econ\u00f3micas que m\u00e1s generan empleo,<\/p>\n","protected":false},"author":1,"featured_media":4220,"comment_status":"open","ping_status":"open","sticky":false,"template":"","format":"standard","meta":{"footnotes":""},"categories":[1],"tags":[],"class_list":["post-4219","post","type-post","status-publish","format-standard","has-post-thumbnail","hentry","category-noticias-regionales"],"_links":{"self":[{"href":"https:\/\/minutaregional.cl\/index.php?rest_route=\/wp\/v2\/posts\/4219","targetHints":{"allow":["GET"]}}],"collection":[{"href":"https:\/\/minutaregional.cl\/index.php?rest_route=\/wp\/v2\/posts"}],"about":[{"href":"https:\/\/minutaregional.cl\/index.php?rest_route=\/wp\/v2\/types\/post"}],"author":[{"embeddable":true,"href":"https:\/\/minutaregional.cl\/index.php?rest_route=\/wp\/v2\/users\/1"}],"replies":[{"embeddable":true,"href":"https:\/\/minutaregional.cl\/index.php?rest_route=%2Fwp%2Fv2%2Fcomments&post=4219"}],"version-history":[{"count":1,"href":"https:\/\/minutaregional.cl\/index.php?rest_route=\/wp\/v2\/posts\/4219\/revisions"}],"predecessor-version":[{"id":4221,"href":"https:\/\/minutaregional.cl\/index.php?rest_route=\/wp\/v2\/posts\/4219\/revisions\/4221"}],"wp:featuredmedia":[{"embeddable":true,"href":"https:\/\/minutaregional.cl\/index.php?rest_route=\/wp\/v2\/media\/4220"}],"wp:attachment":[{"href":"https:\/\/minutaregional.cl\/index.php?rest_route=%2Fwp%2Fv2%2Fmedia&parent=4219"}],"wp:term":[{"taxonomy":"category","embeddable":true,"href":"https:\/\/minutaregional.cl\/index.php?rest_route=%2Fwp%2Fv2%2Fcategories&post=4219"},{"taxonomy":"post_tag","embeddable":true,"href":"https:\/\/minutaregional.cl\/index.php?rest_route=%2Fwp%2Fv2%2Ftags&post=4219"}],"curies":[{"name":"wp","href":"https:\/\/api.w.org\/{rel}","templated":true}]}}