{"id":4204,"date":"2024-09-12T17:03:48","date_gmt":"2024-09-12T17:03:48","guid":{"rendered":"https:\/\/minutaregional.cl\/?p=4204"},"modified":"2024-09-16T17:04:39","modified_gmt":"2024-09-16T17:04:39","slug":"samu-llama-a-prevenir-accidentes-y-hacer-buen-uso-la-red-de-urgencias-en-fiestas-patrias","status":"publish","type":"post","link":"https:\/\/minutaregional.cl\/?p=4204","title":{"rendered":"SAMU llama a prevenir accidentes y hacer buen uso la red de urgencias en Fiestas Patrias"},"content":{"rendered":"<ul>\n<li><strong><em>Con un taller de reanimaci\u00f3n abierto a toda la comunidad, autoridades regionales y de salud, explicaron que, ante cualquier emergencia que comprometa la vida de una persona, debe llamar al 131 o acudir a la urgencia de su hospital m\u00e1s cercano. Para situaciones de menor gravedad, acuda al SUR, SAPU o SAR de su sector.<\/em><\/strong><\/li>\n<\/ul>\n<p>Lamentablemente, para las pr\u00f3ximas celebraciones de Fiestas Patrias el Servicio de Atenci\u00f3n M\u00e9dica de Urgencia (SAMU) proyecta la ocurrencia de al menos 7 accidentes de tr\u00e1nsito diarios en el territorio regional. Festejos donde se espera recibir a m\u00e1s de 400 mil personas de diversos puntos del territorio nacional, producto de la fiesta de la Pampilla y atractivos tur\u00edsticos propios de la zona.<\/p>\n<p>Es as\u00ed, como el SAMU de la Regi\u00f3n de Coquimbo y autoridades regionales han realizado un el llamado preventivo a prevenir siniestros, hacer buen uso de la red de urgencias, utilizar siempre los elementos de seguridad en los veh\u00edculos y llamar a las ambulancias al 131, cuando corresponda. Ello, mientras realizaron un taller pr\u00e1ctico de reanimaci\u00f3n cardiopulmonar (RCP) abierto a la comunidad y totalmente gratuito en la v\u00eda p\u00fablica.<\/p>\n<p>Ingrid Olmos, enfermera coordinadora del SAMU regional, explic\u00f3 que \u201ctratamos que la comunidad sepa sobre reanimaci\u00f3n porque la verdad es que no toda la gente sabe acerca de esto y adem\u00e1s, estamos llamando a que las personas tengan conciencia de la importancia del autocuidado, que si va a conducir por favor no beba, que utilicen los sistemas de retenci\u00f3n infantil con los ni\u00f1os, que todas las personas que est\u00e9n en un veh\u00edculo usen cintur\u00f3n de seguridad, que no vaya a acceso de velocidad y que ante situaciones de urgencia vital, llamen al 131\u201d.<\/p>\n<p>Al respecto, Ernesto Jorquera, Director del Servicio de Salud Coquimbo, indic\u00f3 que como Red Asistencial P\u00fablica, \u201cinsistimos en que la comunidad primero debe acudir a la Red de Atenci\u00f3n Primaria de Urgencias, a los SAPU o a los SAR, que son la puerta de entrada al sistema de emergencia, cuando no hay riesgo vital. En el caso que s\u00ed lo haya, hay que llamar a la ambulancia al 131 para recibir la orientaci\u00f3n necesaria y determinar si es necesario ir a buscar al paciente. Reforzamos el llamado a la responsabilidad personal, pasarlo bien, disfrutar estar fiestas, pero con el debido cuidado\u201d.<\/p>\n<p>Asimismo, Galo Luna, Delegado Presidencial Regional, destac\u00f3 que \u201ceste a\u00f1o vamos a tener unas Fiestas Patrias muy largas, el presidente lanz\u00f3 el plan \u00b4Unidos por un 18 Seguro\u00b4, y parte de ello, tambi\u00e9n es hacer el llamado al autocuidado y a respetar las normas, porque no queremos lamentar tragedias. Los fines de semana que nos han antecedido, hemos podido presenciar lamentables accidentes fatales y muchos de ellos, se pudieron haber evitado. Por eso, no hay que conducir con ingesta de alcohol o drogas y tambi\u00e9n, algo que es muy b\u00e1sico y que ya debi\u00e9ramos tener internalizado, es utilizar los elementos de seguridad del veh\u00edculo\u201d.<\/p>\n<p>Resulta vital que el uso del cintur\u00f3n y de los elementos de sujeci\u00f3n pueden marcar la diferencia entre la vida y la muerte de una persona ante un accidente. Por ello, no olvide usar el cintur\u00f3n de seguridad inmediatamente al subir a cualquier veh\u00edculo y utilizar siempre todos los elementos de retenci\u00f3n con los m\u00e1s peque\u00f1os de la familia.<\/p>\n<p>En relaci\u00f3n al consumo de alimentos durante las celebraciones, Alexis Valenzuela, Seremi de Salud de la Regi\u00f3n de Coquimbo, recalc\u00f3 que \u201ces muy importante mantener los alimentos refrigerados, los alimentos calentados consumirlos en el momento, comprar s\u00f3lo en locales establecidos \u2013 que hemos fiscalizado toda esta semana y vamos a seguir todas las fiestas \u2013 y les pedimos no consumir alimentos comprados en la calle porque no tiene ninguna certeza de lo que va a encontrar\u201d.<\/p>\n<p>A lo largo de las fiestas, tambi\u00e9n es usual que se experimente un alza en las consultas de salud debido al aumento en las descompensaciones de pacientes cr\u00f3nicos por no tomar sus medicamentos e intoxicaciones por alimentos, alcohol y\/o drogas. Adem\u00e1s, de accidentes dom\u00e9sticos con los m\u00e1s peque\u00f1os de la casa.<\/p>\n<p>El doctor Alberto Torres, cirujano pedi\u00e1trico Hospital de La Serena, se\u00f1al\u00f3 que \u201ces fundamental cuidarlos del fuego y cualquier fuente de calor y tambi\u00e9n, protegerlos del llamado \u00b4fuego blanco\u00b4, que es el agua caliente, hay que tener mucho cuidado porque es la principal causa de quemadura en nuestros ni\u00f1os. Tambi\u00e9n es muy importante utilizar siempre los elementos de sujeci\u00f3n con ellos en los veh\u00edculos, aunque sean distancias cortas o vayan a baja velocidad, ya que uno nunca est\u00e1 libre de tener un accidente\u201d.<\/p>\n<p>Ante cualquier emergencia que comprometa la vida de una persona, debe llamar al 131 o acudir a la urgencia de su hospital m\u00e1s cercano. Para emergencias de menor gravedad, acuda al SUR, SAPU o SAR de su sector.<\/p>\n<p>\u201cSi consideran que tienen un problema, enfermedad o dolencia que requiera de una atenci\u00f3n m\u00e9dica, acudan a consulten, pero h\u00e1ganlo evaluando su gravedad. Si considera que su problema no reviste un riesgo vital, prefieran ir a Atenci\u00f3n Primaria y si eval\u00faan que hay una mayor gravedad, ellos derivan a los hospitales, que van a tener muchas m\u00e1s consultas por traumas, quebraduras, cortes y otras situaciones estos d\u00edas\u201d, profundiz\u00f3 el Dr. Hugo Llewellyn, urgenci\u00f3logo Hospital de Coquimbo.<\/p>\n<p><strong>\u00bfEn qu\u00e9 horarios funcionan las urgencias de Atenci\u00f3n Primaria de Salud? <\/strong><\/p>\n<p>Los Servicios de Atenci\u00f3n Primaria de Urgencia (SAPU) atender\u00e1n de lunes a viernes, desde las 17:00 a las 00:00 horas, y los d\u00edas festivos y fin de semana, de 8:00 a 00:00. En tanto, los SAPU de Alta Resoluci\u00f3n (SAR) de la comuna de La Serena lo har\u00e1n de las 17:00 a las 8:00, de lunes a viernes, y los feriados, s\u00e1bados y domingos, las 24 horas del d\u00eda, al igual que los dem\u00e1s SAR de toda la regi\u00f3n.<\/p>\n","protected":false},"excerpt":{"rendered":"<p>Con un taller de reanimaci\u00f3n abierto a toda la comunidad, autoridades regionales y de salud, explicaron que, ante cualquier emergencia que comprometa la vida de una persona, debe llamar al 131 o acudir a la urgencia de su hospital m\u00e1s cercano. Para situaciones de menor gravedad, acuda al SUR, SAPU<\/p>\n","protected":false},"author":1,"featured_media":4202,"comment_status":"open","ping_status":"open","sticky":false,"template":"","format":"standard","meta":{"footnotes":""},"categories":[1],"tags":[],"class_list":["post-4204","post","type-post","status-publish","format-standard","has-post-thumbnail","hentry","category-noticias-regionales"],"_links":{"self":[{"href":"https:\/\/minutaregional.cl\/index.php?rest_route=\/wp\/v2\/posts\/4204","targetHints":{"allow":["GET"]}}],"collection":[{"href":"https:\/\/minutaregional.cl\/index.php?rest_route=\/wp\/v2\/posts"}],"about":[{"href":"https:\/\/minutaregional.cl\/index.php?rest_route=\/wp\/v2\/types\/post"}],"author":[{"embeddable":true,"href":"https:\/\/minutaregional.cl\/index.php?rest_route=\/wp\/v2\/users\/1"}],"replies":[{"embeddable":true,"href":"https:\/\/minutaregional.cl\/index.php?rest_route=%2Fwp%2Fv2%2Fcomments&post=4204"}],"version-history":[{"count":1,"href":"https:\/\/minutaregional.cl\/index.php?rest_route=\/wp\/v2\/posts\/4204\/revisions"}],"predecessor-version":[{"id":4205,"href":"https:\/\/minutaregional.cl\/index.php?rest_route=\/wp\/v2\/posts\/4204\/revisions\/4205"}],"wp:featuredmedia":[{"embeddable":true,"href":"https:\/\/minutaregional.cl\/index.php?rest_route=\/wp\/v2\/media\/4202"}],"wp:attachment":[{"href":"https:\/\/minutaregional.cl\/index.php?rest_route=%2Fwp%2Fv2%2Fmedia&parent=4204"}],"wp:term":[{"taxonomy":"category","embeddable":true,"href":"https:\/\/minutaregional.cl\/index.php?rest_route=%2Fwp%2Fv2%2Fcategories&post=4204"},{"taxonomy":"post_tag","embeddable":true,"href":"https:\/\/minutaregional.cl\/index.php?rest_route=%2Fwp%2Fv2%2Ftags&post=4204"}],"curies":[{"name":"wp","href":"https:\/\/api.w.org\/{rel}","templated":true}]}}