{"id":4199,"date":"2024-09-12T17:02:50","date_gmt":"2024-09-12T17:02:50","guid":{"rendered":"https:\/\/minutaregional.cl\/?p=4199"},"modified":"2024-09-16T17:03:47","modified_gmt":"2024-09-16T17:03:47","slug":"senda-refuerza-operativos-tolerancia-cero-con-puntos-moviles-durante-fiestas-patrias","status":"publish","type":"post","link":"https:\/\/minutaregional.cl\/?p=4199","title":{"rendered":"SENDA refuerza operativos Tolerancia Cero con puntos m\u00f3viles durante Fiestas Patrias"},"content":{"rendered":"<ul>\n<li><strong><em>El plan que se extender\u00e1 entre el 12 y el 21 de septiembre, considera un aumento en la cobertura de los controles conjuntos de alcotest y narcotest.<\/em><\/strong><\/li>\n<\/ul>\n<p>En el marco de las celebraciones de Fiestas Patrias 2024, SENDA ha anunciado un plan especial de Tolerancia Cero que contempla la implementaci\u00f3n puntos m\u00f3viles de control junto a Carabineros en la regi\u00f3n, incrementando la cobertura respecto al a\u00f1o pasado.<\/p>\n<p>Estas iniciativas, se enmarcan en la campa\u00f1a que lleva adelante el Gobierno del para estas Fiestas Patrias, bajo el lema \u201cUnidos por un 18 seguro\u201d, que busca articular a los diversos organismos del Estado, para reforzar la prevenci\u00f3n y evitar accidentes de tr\u00e1nsito.<\/p>\n<p><strong>\u201cEsto es parte del plan que present\u00f3 el Presidente Boric, queremos que estas Fiestas Patrias con muchos d\u00edas feriados sean un momento para disfrutar con la familia y celebrar, pero sin lamentar accidentes fatales u otras situaciones de riesgo\u201d<\/strong>, se\u00f1al\u00f3 el Delegado Presidencial Galo Luna Penna.<\/p>\n<p>El plan especial, parte de las acciones de la campa\u00f1a \u00abEl Otro Plan\u00bb de SENDA, estar\u00e1 focalizado en sectores de alta accidentabilidad, tanto en zonas rurales como urbanas, y en rutas que conectan las principales pampillas, fondas y fiestas costumbristas.<\/p>\n<p><strong>\u201cLos operativos se desarrollar\u00e1n en la conurbaci\u00f3n y otras comunas de la regi\u00f3n, pensando en instalar un mensaje preventivo y evitar que la gente si va a manejar consuma alcohol, porque muchas veces eso causa accidentes que involucran a otras personas\u201d,<\/strong> se\u00f1al\u00f3 el Director Regional de SENDA, Rodrigo Maturana Villarroel.<\/p>\n<p>Adem\u00e1s, los operativos se realizar\u00e1n mediante puntos m\u00f3viles coordinados con Carabineros, con el fin de evitar que los conductores evadan los controles al conocer sus ubicaciones.<\/p>\n<p><strong>\u201cEstamos en coordinaci\u00f3n con SENDA para que este procedimiento sea m\u00e1s r\u00e1pido, esto permite que luego de hacer el alcotest, en caso que sea positivo se hace la alcoholemia en el lugar y esto permite que no sea trasladado a un centro asistencial\u201d,<\/strong> indic\u00f3 el Jefe de la Cuarta Zona de Carabineros, General Juan Mu\u00f1oz Montero.<\/p>\n<p>El reforzamiento del programa Tolerancia Cero se inici\u00f3 este 12 de septiembre y se extender\u00e1 hasta el s\u00e1bado 21 de septiembre en la regi\u00f3n de Coquimbo.<\/p>\n","protected":false},"excerpt":{"rendered":"<p>El plan que se extender\u00e1 entre el 12 y el 21 de septiembre, considera un aumento en la cobertura de los controles conjuntos de alcotest y narcotest. En el marco de las celebraciones de Fiestas Patrias 2024, SENDA ha anunciado un plan especial de Tolerancia Cero que contempla la implementaci\u00f3n<\/p>\n","protected":false},"author":1,"featured_media":4201,"comment_status":"open","ping_status":"open","sticky":false,"template":"","format":"standard","meta":{"footnotes":""},"categories":[1],"tags":[],"class_list":["post-4199","post","type-post","status-publish","format-standard","has-post-thumbnail","hentry","category-noticias-regionales"],"_links":{"self":[{"href":"https:\/\/minutaregional.cl\/index.php?rest_route=\/wp\/v2\/posts\/4199","targetHints":{"allow":["GET"]}}],"collection":[{"href":"https:\/\/minutaregional.cl\/index.php?rest_route=\/wp\/v2\/posts"}],"about":[{"href":"https:\/\/minutaregional.cl\/index.php?rest_route=\/wp\/v2\/types\/post"}],"author":[{"embeddable":true,"href":"https:\/\/minutaregional.cl\/index.php?rest_route=\/wp\/v2\/users\/1"}],"replies":[{"embeddable":true,"href":"https:\/\/minutaregional.cl\/index.php?rest_route=%2Fwp%2Fv2%2Fcomments&post=4199"}],"version-history":[{"count":1,"href":"https:\/\/minutaregional.cl\/index.php?rest_route=\/wp\/v2\/posts\/4199\/revisions"}],"predecessor-version":[{"id":4203,"href":"https:\/\/minutaregional.cl\/index.php?rest_route=\/wp\/v2\/posts\/4199\/revisions\/4203"}],"wp:featuredmedia":[{"embeddable":true,"href":"https:\/\/minutaregional.cl\/index.php?rest_route=\/wp\/v2\/media\/4201"}],"wp:attachment":[{"href":"https:\/\/minutaregional.cl\/index.php?rest_route=%2Fwp%2Fv2%2Fmedia&parent=4199"}],"wp:term":[{"taxonomy":"category","embeddable":true,"href":"https:\/\/minutaregional.cl\/index.php?rest_route=%2Fwp%2Fv2%2Fcategories&post=4199"},{"taxonomy":"post_tag","embeddable":true,"href":"https:\/\/minutaregional.cl\/index.php?rest_route=%2Fwp%2Fv2%2Ftags&post=4199"}],"curies":[{"name":"wp","href":"https:\/\/api.w.org\/{rel}","templated":true}]}}