{"id":4181,"date":"2024-09-11T14:15:53","date_gmt":"2024-09-11T14:15:53","guid":{"rendered":"https:\/\/minutaregional.cl\/?p=4181"},"modified":"2024-09-11T14:15:53","modified_gmt":"2024-09-11T14:15:53","slug":"capacitan-a-mas-de-520-dirigencias-sociales-de-la-region-de-coquimbo-en-temas-de-prevencion-de-delitos","status":"publish","type":"post","link":"https:\/\/minutaregional.cl\/?p=4181","title":{"rendered":"Capacitan a m\u00e1s de 520 dirigencias sociales de la Regi\u00f3n de Coquimbo en temas de prevenci\u00f3n de delitos"},"content":{"rendered":"<ul>\n<li><strong><em>Con estas actividades el Gobierno busca sumar a la sociedad civil organizada para combatir la inseguridad.<\/em><\/strong><\/li>\n<\/ul>\n<p>Coquimbo, Ovalle, Los Vilos, Salamanca, La Serena y Vicu\u00f1a, fueron parte del periplo de la Seremi de Gobierno y la Divisi\u00f3n de Organizaciones Sociales donde se capacit\u00f3 a m\u00e1s de 520 dirigentas y dirigentes con el nuevo m\u00f3dulo de la Escuela de Formaci\u00f3n Social \u201cPrevenci\u00f3n y Seguridad Comunitaria\u201d, iniciativa que busca entregar herramientas\u00a0 a las dirigencias sociales en materia de prevenci\u00f3n del delito y seguridad desde un enfoque comunitario.<\/p>\n<p>Durante las jornadas, tambi\u00e9n, se realiz\u00f3 el Di\u00e1logo Ciudadano \u201cChile Avanzando\u201d, el que informa sobre las pol\u00edticas p\u00fablicas que ha implementado el Gobierno de Chile para mejorar las condiciones de vida de las personas, brindando una mayor seguridad ciudadana, econ\u00f3mica y social.<\/p>\n<p>Las y los participantes agradecieron las instancias de capacitaci\u00f3n, reflexionando sobre la importancia de recuperar los barrios para no abrir espacios a la delincuencia y enfatizaron en la necesidad de trabajar en unidad para enfrentar las noticias falsas e inseguridad.<\/p>\n<p><strong>Carmen Santis, consejera del Consejo Comunal de Seguridad P\u00fablica de La Serena, coment\u00f3 que \u201cpara nosotros como vecinos es primordial estas instancias porque va en beneficio de todos y contamos con apoyo, que es lo que necesitamos para seguir trabajando y combatiendo el tema de seguridad. Inmensamente agradecida de la Divisi\u00f3n de Organizaciones Sociales\u201d. <\/strong><\/p>\n<p>Por su parte la Seremi de Gobierno, Paulina Mora Lara, se\u00f1al\u00f3 que <strong>\u201cSabemos que la seguridad es una preocupaci\u00f3n transversal para todas las comunidades. Por lo tanto, en un esfuerzo conjunto con el Ministerio del Interior a trav\u00e9s de la Subsecretar\u00eda de Prevenci\u00f3n del Delito, se cre\u00f3 este m\u00f3dulo de prevenci\u00f3n y seguridad comunitaria para poder entregarles herramientas a las dirigencias del territorio para que puedan abordar estrategias de prevenci\u00f3n, identificar factores de riesgo que est\u00e1n presentes en sus comunidades y, tambi\u00e9n, poder convertirlos en factores protectores\u201d.<\/strong><\/p>\n<p><strong>RECEPCI\u00d3N EN PROVINCIAS. <\/strong>Las jornadas realizadas, tanto en Elqui, Limar\u00ed y Choapa, lograron generar un amplio di\u00e1logo entorno a estas tem\u00e1ticas y se pudieron proyectar formas de ir abordando la inseguridad desde el rol de las dirigencias.<\/p>\n<p>Al respecto, Basti\u00e1n Cort\u00e9s, Presidente del Comit\u00e9 de Seguridad Adelanto de la poblaci\u00f3n Corvi de Sotaqu\u00ed, destac\u00f3 que <strong>\u201cfue una instancia s\u00faper importante para nosotros que somos del sector rural, porque en mis reuniones lo puedo informar a mi gente y ellos tambi\u00e9n colaborar con esa informaci\u00f3n a dem\u00e1s personas. As\u00ed que es muy importante y agradecer el espacio, el tiempo de venir para ac\u00e1 a ense\u00f1arnos, porque eso sin duda que nos hace crecer como vecinos y vecinas\u201d.<\/strong><\/p>\n<p><strong>\u00a0<\/strong>Por su parte, la Delegada Provincial de Limar\u00ed, Marily Escobar, manifest\u00f3 que desde la delegaci\u00f3n se est\u00e1n trabajando, junto a las dirigencias, en distintos espacios para abordar los temas de seguridad.<strong> \u201cEllos han levantado de los distintos espacios para dialogar sobre inquietudes y preocupaciones, que son completamente acogidas por las prioridades que tenemos como gobierno. Nuestros dirigentes y dirigentas requieren que los acompa\u00f1emos y que les entreguemos herramientas para los distintos desaf\u00edos que tienen en sus territorios\u201d, indic\u00f3.<\/strong><\/p>\n<p><strong>\u00a0<\/strong>Asimismo, Delma Alfaro, dirigenta del Comit\u00e9 Pro Casa, mi futura casita de Ovalle, destac\u00f3 la oportunidad de di\u00e1logo y que estos encuentros contribuyen a unirse como dirigencias. <strong>\u201cLa verdad es que estas capacitaciones que ustedes nos hacen son muy beneficiosas, porque ustedes manejan la ley y nosotros ac\u00e1 los dirigentes, las experiencias locales que tenemos, eso se conjuga, nos escuchamos y me voy muy contenta al escuchar a mis vecinos que han expresado sus problem\u00e1ticas y se ha hecho una red de apoyo para avanzar en la b\u00fasqueda de soluciones\u201d<\/strong><\/p>\n<p>Para finalizar, la vocera regional, Paulina Mora agradeci\u00f3 la participaci\u00f3n y trabajo de los l\u00edderes locales <strong>\u201cestamos muy contentos con la activa participaci\u00f3n y con las m\u00e1s de 500 personas que participaron de estas instancias, porque tener entornos m\u00e1s seguros es una tarea que nos convoca a todas y todos\u201d.<\/strong><\/p>\n<p>En las pr\u00f3ximas semanas continuar\u00e1n las Escuelas de Formaci\u00f3n Social para apoyar el desarrollo de las dirigencias sociales en la Regi\u00f3n de Coquimbo.<\/p>\n","protected":false},"excerpt":{"rendered":"<p>Con estas actividades el Gobierno busca sumar a la sociedad civil organizada para combatir la inseguridad. Coquimbo, Ovalle, Los Vilos, Salamanca, La Serena y Vicu\u00f1a, fueron parte del periplo de la Seremi de Gobierno y la Divisi\u00f3n de Organizaciones Sociales donde se capacit\u00f3 a m\u00e1s de 520 dirigentas y dirigentes<\/p>\n","protected":false},"author":1,"featured_media":4182,"comment_status":"open","ping_status":"open","sticky":false,"template":"","format":"standard","meta":{"footnotes":""},"categories":[24],"tags":[],"class_list":["post-4181","post","type-post","status-publish","format-standard","has-post-thumbnail","hentry","category-seremi-de-gobierno"],"_links":{"self":[{"href":"https:\/\/minutaregional.cl\/index.php?rest_route=\/wp\/v2\/posts\/4181","targetHints":{"allow":["GET"]}}],"collection":[{"href":"https:\/\/minutaregional.cl\/index.php?rest_route=\/wp\/v2\/posts"}],"about":[{"href":"https:\/\/minutaregional.cl\/index.php?rest_route=\/wp\/v2\/types\/post"}],"author":[{"embeddable":true,"href":"https:\/\/minutaregional.cl\/index.php?rest_route=\/wp\/v2\/users\/1"}],"replies":[{"embeddable":true,"href":"https:\/\/minutaregional.cl\/index.php?rest_route=%2Fwp%2Fv2%2Fcomments&post=4181"}],"version-history":[{"count":1,"href":"https:\/\/minutaregional.cl\/index.php?rest_route=\/wp\/v2\/posts\/4181\/revisions"}],"predecessor-version":[{"id":4183,"href":"https:\/\/minutaregional.cl\/index.php?rest_route=\/wp\/v2\/posts\/4181\/revisions\/4183"}],"wp:featuredmedia":[{"embeddable":true,"href":"https:\/\/minutaregional.cl\/index.php?rest_route=\/wp\/v2\/media\/4182"}],"wp:attachment":[{"href":"https:\/\/minutaregional.cl\/index.php?rest_route=%2Fwp%2Fv2%2Fmedia&parent=4181"}],"wp:term":[{"taxonomy":"category","embeddable":true,"href":"https:\/\/minutaregional.cl\/index.php?rest_route=%2Fwp%2Fv2%2Fcategories&post=4181"},{"taxonomy":"post_tag","embeddable":true,"href":"https:\/\/minutaregional.cl\/index.php?rest_route=%2Fwp%2Fv2%2Ftags&post=4181"}],"curies":[{"name":"wp","href":"https:\/\/api.w.org\/{rel}","templated":true}]}}