{"id":4142,"date":"2024-09-06T13:56:15","date_gmt":"2024-09-06T13:56:15","guid":{"rendered":"https:\/\/minutaregional.cl\/?p=4142"},"modified":"2024-09-06T13:56:15","modified_gmt":"2024-09-06T13:56:15","slug":"finalistas-de-nueva-version-del-concurso-de-composicion-musical-luis-advis-ya-fueron-elegidos","status":"publish","type":"post","link":"https:\/\/minutaregional.cl\/?p=4142","title":{"rendered":"Finalistas de nueva versi\u00f3n del Concurso de Composici\u00f3n Musical Luis Advis ya fueron elegidos"},"content":{"rendered":"<ul>\n<li><strong><em>Tradicionales galas se llevar\u00e1n a cabo los d\u00edas 21, 22 y 23 de noviembre en Centro Cultural Palace. 13 obras buscar\u00e1n alzarse como las ganadoras en las categor\u00edas Ra\u00edz Folkl\u00f3rica, Popular y Docta.<\/em><\/strong><\/li>\n<\/ul>\n<p>La vig\u00e9sima edici\u00f3n del Concurso de Composici\u00f3n Musical Luis Advis, ya tiene a sus finalistas, quienes se presentar\u00e1n los d\u00edas 21, 22 y 23 de noviembre pr\u00f3ximo en el Centro Cultural Palace, de la comuna de Coquimbo.<\/p>\n<p>Las 13 obras finalistas, como ha sido tradici\u00f3n en el principal evento de composici\u00f3n de nuestro pa\u00eds, fueron seleccionadas por un jurado en cada categor\u00eda, compuesto, entre otros, por Roberto Bravo en m\u00fasica Docta, Fabiola Gonz\u00e1lez \u201cLa Chinganera\u201d en Ra\u00edz Folkl\u00f3rica y Fernando Milagros en g\u00e9nero Popular.<\/p>\n<p>Cedric Steinlen, seremi de las Culturas, las Artes y el Patrimonio destac\u00f3 la importancia que tiene este concurso de composici\u00f3n.<\/p>\n<p>\u201cEl pr\u00f3ximo mes de noviembre se llevar\u00e1n a cabo las jornadas finales del principal concurso de composici\u00f3n musical de nuestro pa\u00eds. Evento donde hay presencia de creadoras y creadores de todo Chile, quienes hacen visible su trabajo y talento\u201d, dijo Steinlen.<\/p>\n<p>Adem\u00e1s, el secretario regional ministerial a\u00f1adi\u00f3 que \u201cla versi\u00f3n de este 2024 es especial ya que se realizar\u00e1 la vig\u00e9sima edici\u00f3n de un evento que cada a\u00f1o incentiva la composici\u00f3n, pero tambi\u00e9n dar a conocer los sonidos que se est\u00e1n construyendo en los distintos territorios del pa\u00eds, con particularidades y texturas propias de cada zona\u201d.<\/p>\n<p>Fueron cinco las obras seleccionadas para la gala final en el Centro Cultural Palace en Ra\u00edz Folkl\u00f3rica, otras cinco en g\u00e9nero Popular y tres en m\u00fasica docta. El ganador de cada categor\u00eda se llevar\u00e1 seis millones de pesos, mientras que el segundo y tercer lugar cuatro y tres millones, respectivamente.<\/p>\n<p>Recordemos que el Concurso de Composici\u00f3n de Obras musicales Luis Advis, el cual rinde homenaje a la figura del destacado compositor de obras como la Cantata de Santa Mar\u00eda de Iquique, interpretada por Quilapay\u00fan; el Canto para una Semilla, basado en poemas de Violeta Parra y grabado por Inti-Illimani, Isabel Parra y Carmen Bunster; y la sinfon\u00eda Los Tres Tiempos de Am\u00e9rica, registrada por Quilapay\u00fan, entre otras.<\/p>\n<p>Las obras finalistas son las siguientes:<\/p>\n<p><strong><u>G\u00c9NERO RA\u00cdZ FOLKL\u00d3RICA<\/u><\/strong><\/p>\n<p><strong>Circo Imaginario <\/strong>(Fabi\u00e1n Alberto Pillancari Vargas); <strong>El sonido inconfundible <\/strong>(Patricio Guillermo Galleguillos Mu\u00f1oz); <strong>Jilallanaja <\/strong>(Benjam\u00edn Ignacio Schnake G\u00e1lvez); <strong>La Casita <\/strong>(\u00c1lvaro Belarmino Silva Valdebenito) y <strong>Dejaron secando al lim\u00f3n <\/strong>(Dominga Jes\u00fas Corral Sauterel).<\/p>\n<p><strong><u>G\u00c9NERO POPULAR<\/u><\/strong><\/p>\n<p><strong>Lagrima En Flor <\/strong>(Felipe Foncea Olivares); <strong>Silencio <\/strong>(Tom\u00e1s Cordero Jim\u00e9nez); <strong>Es mentira <\/strong>(Fernando Mauro Garc\u00eda Perinetti); <strong>Calma <\/strong>(Nicol\u00e1s Patricio Carre\u00f1o Castro) y <strong>Alma M\u00eda <\/strong>(Fiona Murillo Tuset).<\/p>\n<p>En esta categor\u00eda hay una lista de espera integrada por las obras <strong>El Tarife\u00f1o y el Diablo <\/strong>(Alfonso Ureta Munizaga) y <strong>Bachata para dos <\/strong>(Daniel Castillo Ram\u00edrez).<\/p>\n<p><strong><u>G\u00c9NERO MUSICA DOCTA <\/u><\/strong><\/p>\n<p><strong>Vendaval <\/strong>(Francisco Daniel N\u00fa\u00f1ez Palacios); <strong>Wayra Tata <\/strong>(Ismael Huerta Mar\u00edn) y <strong>Sue\u00f1os sobre madera <\/strong>(Jonatan Antonio Gaete Briones)<\/p>\n<p>En esta categor\u00eda hay una lista de espera integrada por las obras <strong>En la esquina del tiempo<\/strong><\/p>\n<p>(Oscar Fabi\u00e1n Carmona Inostroza) y <strong>Micro concierto para Marimba y Orquesta <\/strong>(Jaime Rosas Saraniti)<\/p>\n<p>&nbsp;<\/p>\n","protected":false},"excerpt":{"rendered":"<p>Tradicionales galas se llevar\u00e1n a cabo los d\u00edas 21, 22 y 23 de noviembre en Centro Cultural Palace. 13 obras buscar\u00e1n alzarse como las ganadoras en las categor\u00edas Ra\u00edz Folkl\u00f3rica, Popular y Docta. La vig\u00e9sima edici\u00f3n del Concurso de Composici\u00f3n Musical Luis Advis, ya tiene a sus finalistas, quienes se<\/p>\n","protected":false},"author":1,"featured_media":4144,"comment_status":"open","ping_status":"open","sticky":false,"template":"","format":"standard","meta":{"footnotes":""},"categories":[16],"tags":[],"class_list":["post-4142","post","type-post","status-publish","format-standard","has-post-thumbnail","hentry","category-seremi-de-cultura"],"_links":{"self":[{"href":"https:\/\/minutaregional.cl\/index.php?rest_route=\/wp\/v2\/posts\/4142","targetHints":{"allow":["GET"]}}],"collection":[{"href":"https:\/\/minutaregional.cl\/index.php?rest_route=\/wp\/v2\/posts"}],"about":[{"href":"https:\/\/minutaregional.cl\/index.php?rest_route=\/wp\/v2\/types\/post"}],"author":[{"embeddable":true,"href":"https:\/\/minutaregional.cl\/index.php?rest_route=\/wp\/v2\/users\/1"}],"replies":[{"embeddable":true,"href":"https:\/\/minutaregional.cl\/index.php?rest_route=%2Fwp%2Fv2%2Fcomments&post=4142"}],"version-history":[{"count":1,"href":"https:\/\/minutaregional.cl\/index.php?rest_route=\/wp\/v2\/posts\/4142\/revisions"}],"predecessor-version":[{"id":4146,"href":"https:\/\/minutaregional.cl\/index.php?rest_route=\/wp\/v2\/posts\/4142\/revisions\/4146"}],"wp:featuredmedia":[{"embeddable":true,"href":"https:\/\/minutaregional.cl\/index.php?rest_route=\/wp\/v2\/media\/4144"}],"wp:attachment":[{"href":"https:\/\/minutaregional.cl\/index.php?rest_route=%2Fwp%2Fv2%2Fmedia&parent=4142"}],"wp:term":[{"taxonomy":"category","embeddable":true,"href":"https:\/\/minutaregional.cl\/index.php?rest_route=%2Fwp%2Fv2%2Fcategories&post=4142"},{"taxonomy":"post_tag","embeddable":true,"href":"https:\/\/minutaregional.cl\/index.php?rest_route=%2Fwp%2Fv2%2Ftags&post=4142"}],"curies":[{"name":"wp","href":"https:\/\/api.w.org\/{rel}","templated":true}]}}