{"id":4126,"date":"2024-09-04T13:42:13","date_gmt":"2024-09-04T13:42:13","guid":{"rendered":"https:\/\/minutaregional.cl\/?p=4126"},"modified":"2024-09-04T13:42:13","modified_gmt":"2024-09-04T13:42:13","slug":"fortalecen-capacidades-de-lideres-sociales-para-promover-la-seguridad-comunitaria","status":"publish","type":"post","link":"https:\/\/minutaregional.cl\/?p=4126","title":{"rendered":"Fortalecen capacidades de l\u00edderes sociales para promover la seguridad comunitaria"},"content":{"rendered":"<ul>\n<li><strong><em>Junto a m\u00e1s de 150 dirigentes y dirigentas de Coquimbo, las autoridades de Gobierno participaron de la instancia que busca entregar herramientas para aportar a la prevenci\u00f3n del delito<\/em><\/strong><\/li>\n<\/ul>\n<p>En un esfuerzo pionero por fortalecer la seguridad y cohesi\u00f3n social en la regi\u00f3n, se dio el vamos a la primera Escuela de Formaci\u00f3n Social sobre Seguridad Comunitaria. Esta iniciativa, \u00fanica en su tipo, busca empoderar a las vecinas y vecinos con los conocimientos necesarios para contribuir activamente en el cuidado de sus territorios.<\/p>\n<p>La instancia nace de una colaboraci\u00f3n entre el Secretar\u00eda General de Gobierno (Segegob) y la Subsecretar\u00eda de Prevenci\u00f3n del Delito, ya que para logar avanzar en la disminuci\u00f3n de la delincuencia y la violencia se requieren esfuerzos colectivos y diversos. Si bien, son las instituciones p\u00fablicas las que tienen la responsabilidad de garantizar la seguridad, las comunidades se transformaron en actores fundamentales para prevenir estos hechos.<\/p>\n<p><strong>\u201cComo lo dijo nuestro Presidente de la Rep\u00fablica Gabriel Boric tenemos que recuperar las comunidades, los territorios y para eso el factor de las dirigencias sociales y comunitarias es fundamental.<\/strong> <strong>Por eso, estamos impulsando una serie de escuelas de formaci\u00f3n social orientadas, precisamente, a poder entregar herramientas para poder abordar de manera preventiva las materias de seguridad. Adem\u00e1s, es relevante dar este puntapi\u00e9 inicial regional en Coquimbo, porque es parte de una de las comunas del Plan Calle Sin Violencia, una iniciativa que impulsamos con fuerza para la recuperaci\u00f3n de espacios p\u00fablicos\u201d, <\/strong>afirm\u00f3 Paulina Mora, Seremi de Gobierno.<\/p>\n<p>La escuela, que se realiz\u00f3 junto a m\u00e1s de 150 representantes de diversos sectores de Coquimbo, es parte del compromiso del Gobierno en materia de seguridad y da cuenta de la necesidad de conocer a cabalidad las necesidades de los sectores y sobre todo fortalecer los factores protectores presentes y con ello, generar mayor eficacia colectiva y control social informal en las comunidades.<\/p>\n<p><strong>\u201cLo policial va de la mano con lo social y, tambi\u00e9n, con nosotros, los dirigentes, que somos la cara visible ante la comunidad en nuestro sector, y hoy en d\u00eda la delincuencia, todo lo que es seguridad est\u00e1 muy al debe, por eso queremos conocer la informaci\u00f3n y las herramientas que hay para poder abordar estos temas\u201d, <\/strong>indic\u00f3 Teresa \u00c1lvarez de la Junta de Vecinos 5 de Mayo de San Juan.<\/p>\n<p>Esta visi\u00f3n es compartida por la vecina de Pe\u00f1uelas, Marina Dub\u00f3, qui\u00e9n coment\u00f3 que comprenden que las polic\u00edas no dan abasto para la cantidad de incidentes, por lo que es necesario <strong>\u201cponernos de acuerdo en c\u00f3mo podemos ayudar y organizarnos con c\u00e1maras de seguridad, alarmas comunitarias y as\u00ed prevenir\u201d, <\/strong>expres\u00f3.<\/p>\n<p>Dentro de los puntos que se trataron en la jornada de capacitaci\u00f3n estuvieron temas como la prevenci\u00f3n y seguridad comunitaria; herramientas de diagn\u00f3stico en seguridad comunitaria; y el rol de los gobiernos locales en la prevenci\u00f3n y seguridad.<\/p>\n<p><strong>Pr\u00f3ximas actividades.<\/strong> Dada la importancia de esta actividad ser\u00e1 replicada en otras comunas de la Regi\u00f3n de Coquimbo, por ejemplo este martes 03 de septiembre se llevar\u00e1 a cabo en Ovalle y, tambi\u00e9n, en Los Vilos. Adem\u00e1s, el pr\u00f3ximo mi\u00e9rcoles la escuela se desarrollar\u00e1 en Salamanca; el jueves en Tongoy y La Serena y el viernes los encuentros concluir\u00e1n en Vicu\u00f1a.<\/p>\n<p><strong>Llamado a denunciar. <\/strong>Dentro de la presentaci\u00f3n, se enfatiz\u00f3 la importancia de usar el fono Denuncia Seguro *4242, el que recibe informaci\u00f3n delictual de forma 100% an\u00f3nima sobre temas como tr\u00e1fico y microtr\u00e1fico de drogas, violencia intrafamiliar, bandas o personas dedicadas al robo, comercio de bienes robados, tenencia de armas, homicidios y secuestros, pr\u00f3fugos de la justicia, acoso y delitos sexuales, trata de personas y tr\u00e1fico de inmigrantes.<\/p>\n","protected":false},"excerpt":{"rendered":"<p>Junto a m\u00e1s de 150 dirigentes y dirigentas de Coquimbo, las autoridades de Gobierno participaron de la instancia que busca entregar herramientas para aportar a la prevenci\u00f3n del delito En un esfuerzo pionero por fortalecer la seguridad y cohesi\u00f3n social en la regi\u00f3n, se dio el vamos a la primera<\/p>\n","protected":false},"author":1,"featured_media":4127,"comment_status":"open","ping_status":"open","sticky":false,"template":"","format":"standard","meta":{"footnotes":""},"categories":[24],"tags":[],"class_list":["post-4126","post","type-post","status-publish","format-standard","has-post-thumbnail","hentry","category-seremi-de-gobierno"],"_links":{"self":[{"href":"https:\/\/minutaregional.cl\/index.php?rest_route=\/wp\/v2\/posts\/4126","targetHints":{"allow":["GET"]}}],"collection":[{"href":"https:\/\/minutaregional.cl\/index.php?rest_route=\/wp\/v2\/posts"}],"about":[{"href":"https:\/\/minutaregional.cl\/index.php?rest_route=\/wp\/v2\/types\/post"}],"author":[{"embeddable":true,"href":"https:\/\/minutaregional.cl\/index.php?rest_route=\/wp\/v2\/users\/1"}],"replies":[{"embeddable":true,"href":"https:\/\/minutaregional.cl\/index.php?rest_route=%2Fwp%2Fv2%2Fcomments&post=4126"}],"version-history":[{"count":1,"href":"https:\/\/minutaregional.cl\/index.php?rest_route=\/wp\/v2\/posts\/4126\/revisions"}],"predecessor-version":[{"id":4128,"href":"https:\/\/minutaregional.cl\/index.php?rest_route=\/wp\/v2\/posts\/4126\/revisions\/4128"}],"wp:featuredmedia":[{"embeddable":true,"href":"https:\/\/minutaregional.cl\/index.php?rest_route=\/wp\/v2\/media\/4127"}],"wp:attachment":[{"href":"https:\/\/minutaregional.cl\/index.php?rest_route=%2Fwp%2Fv2%2Fmedia&parent=4126"}],"wp:term":[{"taxonomy":"category","embeddable":true,"href":"https:\/\/minutaregional.cl\/index.php?rest_route=%2Fwp%2Fv2%2Fcategories&post=4126"},{"taxonomy":"post_tag","embeddable":true,"href":"https:\/\/minutaregional.cl\/index.php?rest_route=%2Fwp%2Fv2%2Ftags&post=4126"}],"curies":[{"name":"wp","href":"https:\/\/api.w.org\/{rel}","templated":true}]}}