{"id":4119,"date":"2024-09-03T21:43:05","date_gmt":"2024-09-03T21:43:05","guid":{"rendered":"https:\/\/minutaregional.cl\/?p=4119"},"modified":"2024-09-03T21:43:05","modified_gmt":"2024-09-03T21:43:05","slug":"presentacion-nuevo-secretario-regional-ministerial-de-salud","status":"publish","type":"post","link":"https:\/\/minutaregional.cl\/?p=4119","title":{"rendered":"Presentaci\u00f3n nuevo Secretario Regional Ministerial de Salud"},"content":{"rendered":"<p>El <strong>Ministerio de Salud <\/strong>nombra al nuevo <strong>Secretario Regional Ministerial de Salud de Coquimbo<\/strong>, se trata de <strong>Alexis Valenzuela Mayorga.<\/strong><\/p>\n<p>Alexis Valenzuela Mayorga es Asistente Social de la Universidad Tecnol\u00f3gica Metropolitana, Mag\u00edster en Salud P\u00fablica de la Universidad de Chile, fue encargado de Trabajo Comunitario, Jefe de Promoci\u00f3n de Salud y Jefe de SOME por 14 a\u00f1os en Atenci\u00f3n Primaria de Salud en comuna de El Bosque y Director de la Sociedad Chilena de Salubridad por 4 a\u00f1os. Adem\u00e1s, es docente universitario hace 20 a\u00f1os, con premio como profesor de excelencia, investigador en salud p\u00fablica, g\u00e9nero, diversidad, masculinidades, interseccionalidades y determinantes sociales de la salud.<\/p>\n<p>La autoridad sanitaria asumir\u00e1 sus funciones a partir del 04 de septiembre del presente a\u00f1o.<\/p>\n","protected":false},"excerpt":{"rendered":"<p>El Ministerio de Salud nombra al nuevo Secretario Regional Ministerial de Salud de Coquimbo, se trata de Alexis Valenzuela Mayorga. Alexis Valenzuela Mayorga es Asistente Social de la Universidad Tecnol\u00f3gica Metropolitana, Mag\u00edster en Salud P\u00fablica de la Universidad de Chile, fue encargado de Trabajo Comunitario, Jefe de Promoci\u00f3n de Salud<\/p>\n","protected":false},"author":1,"featured_media":4121,"comment_status":"open","ping_status":"open","sticky":false,"template":"","format":"standard","meta":{"footnotes":""},"categories":[51],"tags":[],"class_list":["post-4119","post","type-post","status-publish","format-standard","has-post-thumbnail","hentry","category-seremisalud_coquimbo"],"_links":{"self":[{"href":"https:\/\/minutaregional.cl\/index.php?rest_route=\/wp\/v2\/posts\/4119","targetHints":{"allow":["GET"]}}],"collection":[{"href":"https:\/\/minutaregional.cl\/index.php?rest_route=\/wp\/v2\/posts"}],"about":[{"href":"https:\/\/minutaregional.cl\/index.php?rest_route=\/wp\/v2\/types\/post"}],"author":[{"embeddable":true,"href":"https:\/\/minutaregional.cl\/index.php?rest_route=\/wp\/v2\/users\/1"}],"replies":[{"embeddable":true,"href":"https:\/\/minutaregional.cl\/index.php?rest_route=%2Fwp%2Fv2%2Fcomments&post=4119"}],"version-history":[{"count":1,"href":"https:\/\/minutaregional.cl\/index.php?rest_route=\/wp\/v2\/posts\/4119\/revisions"}],"predecessor-version":[{"id":4123,"href":"https:\/\/minutaregional.cl\/index.php?rest_route=\/wp\/v2\/posts\/4119\/revisions\/4123"}],"wp:featuredmedia":[{"embeddable":true,"href":"https:\/\/minutaregional.cl\/index.php?rest_route=\/wp\/v2\/media\/4121"}],"wp:attachment":[{"href":"https:\/\/minutaregional.cl\/index.php?rest_route=%2Fwp%2Fv2%2Fmedia&parent=4119"}],"wp:term":[{"taxonomy":"category","embeddable":true,"href":"https:\/\/minutaregional.cl\/index.php?rest_route=%2Fwp%2Fv2%2Fcategories&post=4119"},{"taxonomy":"post_tag","embeddable":true,"href":"https:\/\/minutaregional.cl\/index.php?rest_route=%2Fwp%2Fv2%2Ftags&post=4119"}],"curies":[{"name":"wp","href":"https:\/\/api.w.org\/{rel}","templated":true}]}}