{"id":4116,"date":"2024-08-10T21:25:04","date_gmt":"2024-08-10T21:25:04","guid":{"rendered":"https:\/\/minutaregional.cl\/?p=4116"},"modified":"2024-09-03T21:54:44","modified_gmt":"2024-09-03T21:54:44","slug":"sabias-que-las-personas-sin-pension-tambien-pueden-acceder-a-la-pgu","status":"publish","type":"post","link":"https:\/\/minutaregional.cl\/?p=4116","title":{"rendered":"\u00bfSab\u00edas que las personas sin pensi\u00f3n tambi\u00e9n pueden acceder a la PGU?"},"content":{"rendered":"<ul>\n<li><strong><em>El Instituto de Previsi\u00f3n Social (IPS) recuerda que las personas de 65 a\u00f1os o m\u00e1s sin derecho a pensi\u00f3n en alg\u00fan r\u00e9gimen previsional pueden acceder a la Pensi\u00f3n Garantizada Universal, siempre que cumplan los dem\u00e1s requisitos. Para acceder a este beneficio se debe hacer una solicitud.<\/em><\/strong><\/li>\n<\/ul>\n<p><strong><em>\u00a0<\/em><\/strong><\/p>\n<p>&nbsp;<\/p>\n<p>Fresia, due\u00f1a de casa con m\u00e1s de 65 a\u00f1os y que dedic\u00f3 su vida adulta a la crianza de sus hijos, sin la posibilidad de trabajar fuera del hogar y cotizar regularmente, se hace esta pregunta: \u00bfpuedo tener la PGU si no tengo cotizaciones para una pensi\u00f3n?<\/p>\n<p>&nbsp;<\/p>\n<p>Como ella, varios coinciden en consultar en ChileAtiende -la red de atenci\u00f3n del Instituto de Previsi\u00f3n Social- sobre el derecho a alg\u00fan beneficio del Estado para contar con un ingreso mensual, si no han podido pensionarse.<\/p>\n<p>&nbsp;<\/p>\n<p>La respuesta es la siguiente: si una persona tiene 65 a\u00f1os o m\u00e1s, aun cuando no tenga una pensi\u00f3n, puede obtener la Pensi\u00f3n Garantizada Universal (PGU) si cumple un conjunto de requisitos. Esto, porque la PGU no solo es un complemento a las pensiones ya existentes, sino que, adem\u00e1s, pueden acceder a ella quienes no han podido completar un ahorro previsional para su vejez.<\/p>\n<p>&nbsp;<\/p>\n<p>El monto actual del beneficio estatal es de <strong>$214.296<\/strong> mensual.<\/p>\n<p>&nbsp;<\/p>\n<p><strong>\u00bfCu\u00e1les son los requisitos para acceder a la PGU?<\/strong><\/p>\n<p>&nbsp;<\/p>\n<ol>\n<li>Haber cumplido 65 a\u00f1os o m\u00e1s.<\/li>\n<li>No integrar un grupo familiar perteneciente al 10 % m\u00e1s rico de la poblaci\u00f3n. Este requisito se revisa en el IPS una vez ingresada la solicitud.<\/li>\n<li>Acreditar residencia en Chile por 20 a\u00f1os continuos o discontinuos, desde los 20 a\u00f1os de edad. Tambi\u00e9n, al menos cuatro a\u00f1os de los \u00faltimos cinco anteriores a la solicitud del beneficio.<\/li>\n<li>Contar con una pensi\u00f3n base calculada menor a la pensi\u00f3n m\u00e1xima determinada por la normativa para este beneficio. Esta condici\u00f3n tambi\u00e9n se verifica una vez recibida y analizada la solicitud.<\/li>\n<\/ol>\n<p>&nbsp;<\/p>\n<p>Cabe recordar que a los afiliados o pensionados de Dipreca y Capredena no les corresponde la PGU.<\/p>\n<p>&nbsp;<\/p>\n<p>Tambi\u00e9n podr\u00edan acceder a la Pensi\u00f3n Garantizada Universal, si cumplen el total de requisitos, las personas de 65 a\u00f1os y m\u00e1s que a\u00fan siguen trabajando, que est\u00e9n pensionadas o que hayan decidido postergar su jubilaci\u00f3n.<\/p>\n<p><strong>\u00a0<\/strong><\/p>\n<p><strong>\u00bfD\u00f3nde solicitar la PGU?<\/strong><\/p>\n<p><strong>\u00a0<\/strong><\/p>\n<ol>\n<li>Todos los d\u00edas del a\u00f1o, incluidos fines de semana y feriados, en el sitio <strong>chileatiende.cl<\/strong>, con Clave\u00danica.<\/li>\n<\/ol>\n<p>En el mismo sitio se puede consultar, previamente, si se cumple con los requisitos para solicitar el beneficio.<\/p>\n<p>&nbsp;<\/p>\n<ol start=\"2\">\n<li>Y en d\u00edas h\u00e1biles, de lunes a viernes, a trav\u00e9s de:<\/li>\n<\/ol>\n<ul>\n<li>Videoatenci\u00f3n en www.chileatiende.cl o www.ips.gob.cl. Esto, sin necesidad de Clave\u00danica.<\/li>\n<li>Las 202 sucursales ChileAtiende del Instituto de Previsi\u00f3n Social, IPS.<\/li>\n<li>En las municipalidades en convenio con el IPS.<\/li>\n<li>Tambi\u00e9n est\u00e1 la opci\u00f3n de las AFP o compa\u00f1\u00edas de seguros, si la persona est\u00e1 afiliada a una de esas entidades.<\/li>\n<\/ul>\n<p>&nbsp;<\/p>\n<p>Una condici\u00f3n previa a la solicitud del beneficio es que las personas est\u00e9n inscritas en el Registro Social de Hogares, porque desde ah\u00ed se obtienen algunos datos para evaluar los requisitos.<\/p>\n<p>&nbsp;<\/p>\n<p>Para resolver dudas sobre la Pensi\u00f3n Garantizada Universal, tambi\u00e9n se puede consultar llamando al Call Center 101 o en las redes sociales <strong>@ChileAtiende<\/strong> en X, Facebook e Instagram.<\/p>\n<p>&nbsp;<\/p>\n<p>&nbsp;<\/p>\n","protected":false},"excerpt":{"rendered":"<p>El Instituto de Previsi\u00f3n Social (IPS) recuerda que las personas de 65 a\u00f1os o m\u00e1s sin derecho a pensi\u00f3n en alg\u00fan r\u00e9gimen previsional pueden acceder a la Pensi\u00f3n Garantizada Universal, siempre que cumplan los dem\u00e1s requisitos. Para acceder a este beneficio se debe hacer una solicitud. \u00a0 &nbsp; Fresia, due\u00f1a<\/p>\n","protected":false},"author":1,"featured_media":4124,"comment_status":"open","ping_status":"open","sticky":false,"template":"","format":"standard","meta":{"footnotes":""},"categories":[1],"tags":[],"class_list":["post-4116","post","type-post","status-publish","format-standard","has-post-thumbnail","hentry","category-noticias-regionales"],"_links":{"self":[{"href":"https:\/\/minutaregional.cl\/index.php?rest_route=\/wp\/v2\/posts\/4116","targetHints":{"allow":["GET"]}}],"collection":[{"href":"https:\/\/minutaregional.cl\/index.php?rest_route=\/wp\/v2\/posts"}],"about":[{"href":"https:\/\/minutaregional.cl\/index.php?rest_route=\/wp\/v2\/types\/post"}],"author":[{"embeddable":true,"href":"https:\/\/minutaregional.cl\/index.php?rest_route=\/wp\/v2\/users\/1"}],"replies":[{"embeddable":true,"href":"https:\/\/minutaregional.cl\/index.php?rest_route=%2Fwp%2Fv2%2Fcomments&post=4116"}],"version-history":[{"count":1,"href":"https:\/\/minutaregional.cl\/index.php?rest_route=\/wp\/v2\/posts\/4116\/revisions"}],"predecessor-version":[{"id":4125,"href":"https:\/\/minutaregional.cl\/index.php?rest_route=\/wp\/v2\/posts\/4116\/revisions\/4125"}],"wp:featuredmedia":[{"embeddable":true,"href":"https:\/\/minutaregional.cl\/index.php?rest_route=\/wp\/v2\/media\/4124"}],"wp:attachment":[{"href":"https:\/\/minutaregional.cl\/index.php?rest_route=%2Fwp%2Fv2%2Fmedia&parent=4116"}],"wp:term":[{"taxonomy":"category","embeddable":true,"href":"https:\/\/minutaregional.cl\/index.php?rest_route=%2Fwp%2Fv2%2Fcategories&post=4116"},{"taxonomy":"post_tag","embeddable":true,"href":"https:\/\/minutaregional.cl\/index.php?rest_route=%2Fwp%2Fv2%2Ftags&post=4116"}],"curies":[{"name":"wp","href":"https:\/\/api.w.org\/{rel}","templated":true}]}}