{"id":4093,"date":"2024-08-29T16:15:20","date_gmt":"2024-08-29T16:15:20","guid":{"rendered":"https:\/\/minutaregional.cl\/?p=4093"},"modified":"2024-08-29T16:15:20","modified_gmt":"2024-08-29T16:15:20","slug":"refuerzan-programa-denuncia-seguro-en-coquimbo-contra-armas-ilegales","status":"publish","type":"post","link":"https:\/\/minutaregional.cl\/?p=4093","title":{"rendered":"Refuerzan programa Denuncia Seguro en Coquimbo contra Armas Ilegales"},"content":{"rendered":"<p>En el marco de los esfuerzos nacionales por combatir la tenencia y porte de armas ilegales, las autoridades regionales de Coquimbo, encabezadas por Abel Lizama, Coordinador Regional de Seguridad P\u00fablica, y la Seremi de Gobierno, Paulina Mora Lara, han reforzado la campa\u00f1a <strong>Denuncia Seguro<\/strong> en la regi\u00f3n, alineados con la estrategia nacional presentada por el subsecretario de Prevenci\u00f3n del Delito, Eduardo Vergara, y la ministra Secretaria General de Gobierno, Camila Vallejo.<\/p>\n<p>Este programa, que permite a la ciudadan\u00eda entregar informaci\u00f3n de manera 100% an\u00f3nima a trav\u00e9s del tel\u00e9fono *4242 o en el sitio web <a href=\"http:\/\/www.denunciaseguro.cl\">www.denunciaseguro.cl<\/a>, se ha consolidado como una herramienta crucial en la lucha contra el crimen organizado y el uso de armas de fuego en los barrios.<\/p>\n<p>A nivel nacional, el subsecretario Vergara destac\u00f3 el impacto de una simple denuncia, que ha permitido la incautaci\u00f3n de m\u00e1s de 3.700 armas solo en lo que va de 2024. En Coquimbo, las autoridades han hecho un llamado a los ciudadanos a utilizar esta herramienta para reportar delitos de manera segura, asegurando que cada reporte an\u00f3nimo puede traducirse en acciones concretas por parte de las fuerzas de seguridad.<\/p>\n<p><strong>Datos Relevantes de la Regi\u00f3n de Coquimbo<\/strong><\/p>\n<p>En la Regi\u00f3n de Coquimbo, el programa <strong>Denuncia Seguro<\/strong> ha mostrado un incremento en la participaci\u00f3n ciudadana. En 2023, se recibieron 1.033 reportes con informaci\u00f3n delictiva, lo que represent\u00f3 un aumento del 12,2% en comparaci\u00f3n con el a\u00f1o anterior. En el per\u00edodo acumulado de enero a julio de 2024, se han recibido 638 reportes, reflejando una variaci\u00f3n del 5,6% en comparaci\u00f3n con el mismo per\u00edodo de 2023.<\/p>\n<p><strong>Importancia de denunciar la tenencia ilegal de armas<\/strong><\/p>\n<p>A pesar de los avances, las autoridades reconocen que la denuncia de armas ilegales en la regi\u00f3n de Coquimbo sigue siendo baja en comparaci\u00f3n con la magnitud del problema. Las incautaciones en los \u00faltimos a\u00f1os sugieren que a\u00fan hay un n\u00famero significativo de armas en circulaci\u00f3n que no han sido reportadas.<\/p>\n<p>La Seremi de Gobierno, Paulina Mora Lara, tambi\u00e9n resalt\u00f3 la importancia de aumentar las denuncias para lograr un mayor impacto en la seguridad regional. <strong>\u201cEs crucial que los vecinos y vecinas se animen a denunciar la presencia de armas en sus barrios. Cada denuncia que se realiza bajo el amparo de este programa garantiza el anonimato total del denunciante y contribuye directamente a la seguridad de nuestras comunidades\u201d<\/strong>, se\u00f1al\u00f3.<\/p>\n<p>Por su parte, Abel Lizama destac\u00f3 la colaboraci\u00f3n entre las autoridades locales y las fuerzas de seguridad, afirmando que <strong>\u201cla coordinaci\u00f3n entre Carabineros, la PDI y las autoridades regionales es clave para llevar adelante los procedimientos que sacan de circulaci\u00f3n las armas ilegales. Las denuncias se han convertido en una herramienta eficaz para las polic\u00edas, especialmente para el decomiso de cannabis en la regi\u00f3n. Hacemos un llamado a la ciudadan\u00eda a tener confianza en los canales de denuncias y proporcionar informaci\u00f3n respecto a la existencia, actividades relacionadas o privatizaci\u00f3n de espacios p\u00fablicos mediante el uso de armas, ya que es vital para una fiscalizaci\u00f3n efectiva y la persecuci\u00f3n de delitos\u201d. <\/strong><\/p>\n<p><strong>\u00a0<\/strong>Las autoridades de Coquimbo instan a la poblaci\u00f3n a no quedarse en silencio ante la presencia de armas en sus barrios y recuerdan que, al denunciar, se est\u00e1 contribuyendo a un entorno m\u00e1s seguro para todos. La campa\u00f1a <strong>Denuncia Seguro<\/strong> sigue siendo un pilar fundamental en la estrategia regional para combatir la criminalidad y asegurar la paz en las comunidades.<\/p>\n","protected":false},"excerpt":{"rendered":"<p>En el marco de los esfuerzos nacionales por combatir la tenencia y porte de armas ilegales, las autoridades regionales de Coquimbo, encabezadas por Abel Lizama, Coordinador Regional de Seguridad P\u00fablica, y la Seremi de Gobierno, Paulina Mora Lara, han reforzado la campa\u00f1a Denuncia Seguro en la regi\u00f3n, alineados con la<\/p>\n","protected":false},"author":1,"featured_media":4095,"comment_status":"open","ping_status":"open","sticky":false,"template":"","format":"standard","meta":{"footnotes":""},"categories":[24],"tags":[],"class_list":["post-4093","post","type-post","status-publish","format-standard","has-post-thumbnail","hentry","category-seremi-de-gobierno"],"_links":{"self":[{"href":"https:\/\/minutaregional.cl\/index.php?rest_route=\/wp\/v2\/posts\/4093","targetHints":{"allow":["GET"]}}],"collection":[{"href":"https:\/\/minutaregional.cl\/index.php?rest_route=\/wp\/v2\/posts"}],"about":[{"href":"https:\/\/minutaregional.cl\/index.php?rest_route=\/wp\/v2\/types\/post"}],"author":[{"embeddable":true,"href":"https:\/\/minutaregional.cl\/index.php?rest_route=\/wp\/v2\/users\/1"}],"replies":[{"embeddable":true,"href":"https:\/\/minutaregional.cl\/index.php?rest_route=%2Fwp%2Fv2%2Fcomments&post=4093"}],"version-history":[{"count":1,"href":"https:\/\/minutaregional.cl\/index.php?rest_route=\/wp\/v2\/posts\/4093\/revisions"}],"predecessor-version":[{"id":4097,"href":"https:\/\/minutaregional.cl\/index.php?rest_route=\/wp\/v2\/posts\/4093\/revisions\/4097"}],"wp:featuredmedia":[{"embeddable":true,"href":"https:\/\/minutaregional.cl\/index.php?rest_route=\/wp\/v2\/media\/4095"}],"wp:attachment":[{"href":"https:\/\/minutaregional.cl\/index.php?rest_route=%2Fwp%2Fv2%2Fmedia&parent=4093"}],"wp:term":[{"taxonomy":"category","embeddable":true,"href":"https:\/\/minutaregional.cl\/index.php?rest_route=%2Fwp%2Fv2%2Fcategories&post=4093"},{"taxonomy":"post_tag","embeddable":true,"href":"https:\/\/minutaregional.cl\/index.php?rest_route=%2Fwp%2Fv2%2Ftags&post=4093"}],"curies":[{"name":"wp","href":"https:\/\/api.w.org\/{rel}","templated":true}]}}