{"id":4091,"date":"2024-08-29T16:12:09","date_gmt":"2024-08-29T16:12:09","guid":{"rendered":"https:\/\/minutaregional.cl\/?p=4091"},"modified":"2024-08-29T16:12:09","modified_gmt":"2024-08-29T16:12:09","slug":"el-impulso-de-las-cooperativas-en-la-region-de-coquimbo-un-camino-hacia-el-desarrollo-sostenible","status":"publish","type":"post","link":"https:\/\/minutaregional.cl\/?p=4091","title":{"rendered":"El Impulso de las Cooperativas en la Regi\u00f3n de Coquimbo: Un Camino Hacia el Desarrollo Sostenible"},"content":{"rendered":"<p>El Presidente de la Rep\u00fablica Gabriel Boric en el a\u00f1o 2022 dijo fuerte y claro\u00a0 \u201cSomos y seremos el Gobierno de las Cooperativas\u201d desde esa fecha hasta ahora se han desarrollado de iniciativas de apoyo a la creaci\u00f3n y desarrollo de cooperativas como tambi\u00e9n su fortalecimiento demostrando nuestro compromiso con garantizar\u00a0 el cooperativismo como un pilar fundamental de un nuevo modelo de desarrollo que Chile necesita.<\/p>\n<p>En la Regi\u00f3n de Coquimbo, existen 128 cooperativas vigentes, seg\u00fan el registro de la Divisi\u00f3n de Asociatividad y Econom\u00eda Social (DAES) del Ministerio de Econom\u00eda. Estas agrupaciones abarcan una variedad de sectores, desde la agricultura y la pesca, hasta servicios y manufactura, todas ellas desempe\u00f1ando un papel crucial en el desarrollo econ\u00f3mico local.<\/p>\n<p>Recientemente, junto a Pascal Lagunas Rojas, Director de Sercotec Coquimbo, tuvimos el honor de estar presentes en el lanzamiento de la Cooperativa de Servicios Coopelki en La Serena, una iniciativa que facilita un \u201cterritorio de educaci\u00f3n Libre y ofrece productos de la econom\u00eda social y solidaria de la regi\u00f3n\u201d, que orienta su quehacer hacia el apoyo mutuo bajo un enfoque en la participaci\u00f3n democr\u00e1tica y la distribuci\u00f3n equitativa de los beneficios.<\/p>\n<p>Observar estas experiencias reafirma nuestro compromiso con el cooperativismo, como parte de un movimiento mucho m\u00e1s amplio y significativo, nuestra tarea ahora es continuar robusteciendo el sistema colaborativo en la regi\u00f3n, creando y fortaleciendo cooperativas para que mejoren su capacidad de gesti\u00f3n, su modelo de negocio y los beneficios que ofrecen a sus asociados. A trav\u00e9s de capacitaciones, financiamiento y asesor\u00eda t\u00e9cnica, estamos construyendo un ecosistema m\u00e1s robusto y resiliente, que promueve la justicia social y la sostenibilidad.<\/p>\n<p>El impacto de las cooperativas como forma societaria no solo se manifiesta en su contribuci\u00f3n a la econom\u00eda local; tambi\u00e9n son guardianas de valores fundamentales como la democracia, la participaci\u00f3n y la equidad, a trav\u00e9s de otras formas de organizaci\u00f3n social, econ\u00f3mica y productiva. Adem\u00e1s de fomentar la cohesi\u00f3n social y brindar oportunidades a sectores que tradicionalmente han estado marginados.<\/p>\n<p>Es por ello que el cooperativismo es mucho m\u00e1s que una alternativa econ\u00f3mica; son una manifestaci\u00f3n de lo que podemos lograr cuando trabajamos juntos hacia un objetivo com\u00fan. Continuaremos trabajando de la mano con Sercotec y otras instituciones para asegurar que este modelo organizativo, que ha demostrado ser una herramienta eficaz para enfrentar los desaf\u00edos del desarrollo sostenible, siga creciendo y generando impacto positivo en nuestras comunidades.<\/p>\n<p><a href=\"mailto:paulina.mora@msgg.gob.cl\">Paulina Mora Lara<\/a><\/p>\n<p><strong>Seremi de Gobierno de la Regi\u00f3n de Coquimbo<\/strong><\/p>\n","protected":false},"excerpt":{"rendered":"<p>El Presidente de la Rep\u00fablica Gabriel Boric en el a\u00f1o 2022 dijo fuerte y claro\u00a0 \u201cSomos y seremos el Gobierno de las Cooperativas\u201d desde esa fecha hasta ahora se han desarrollado de iniciativas de apoyo a la creaci\u00f3n y desarrollo de cooperativas como tambi\u00e9n su fortalecimiento demostrando nuestro compromiso con<\/p>\n","protected":false},"author":1,"featured_media":4094,"comment_status":"open","ping_status":"open","sticky":false,"template":"","format":"standard","meta":{"footnotes":""},"categories":[24],"tags":[],"class_list":["post-4091","post","type-post","status-publish","format-standard","has-post-thumbnail","hentry","category-seremi-de-gobierno"],"_links":{"self":[{"href":"https:\/\/minutaregional.cl\/index.php?rest_route=\/wp\/v2\/posts\/4091","targetHints":{"allow":["GET"]}}],"collection":[{"href":"https:\/\/minutaregional.cl\/index.php?rest_route=\/wp\/v2\/posts"}],"about":[{"href":"https:\/\/minutaregional.cl\/index.php?rest_route=\/wp\/v2\/types\/post"}],"author":[{"embeddable":true,"href":"https:\/\/minutaregional.cl\/index.php?rest_route=\/wp\/v2\/users\/1"}],"replies":[{"embeddable":true,"href":"https:\/\/minutaregional.cl\/index.php?rest_route=%2Fwp%2Fv2%2Fcomments&post=4091"}],"version-history":[{"count":1,"href":"https:\/\/minutaregional.cl\/index.php?rest_route=\/wp\/v2\/posts\/4091\/revisions"}],"predecessor-version":[{"id":4096,"href":"https:\/\/minutaregional.cl\/index.php?rest_route=\/wp\/v2\/posts\/4091\/revisions\/4096"}],"wp:featuredmedia":[{"embeddable":true,"href":"https:\/\/minutaregional.cl\/index.php?rest_route=\/wp\/v2\/media\/4094"}],"wp:attachment":[{"href":"https:\/\/minutaregional.cl\/index.php?rest_route=%2Fwp%2Fv2%2Fmedia&parent=4091"}],"wp:term":[{"taxonomy":"category","embeddable":true,"href":"https:\/\/minutaregional.cl\/index.php?rest_route=%2Fwp%2Fv2%2Fcategories&post=4091"},{"taxonomy":"post_tag","embeddable":true,"href":"https:\/\/minutaregional.cl\/index.php?rest_route=%2Fwp%2Fv2%2Ftags&post=4091"}],"curies":[{"name":"wp","href":"https:\/\/api.w.org\/{rel}","templated":true}]}}