{"id":4079,"date":"2024-08-27T19:27:11","date_gmt":"2024-08-27T19:27:11","guid":{"rendered":"https:\/\/minutaregional.cl\/?p=4079"},"modified":"2024-08-27T19:27:11","modified_gmt":"2024-08-27T19:27:11","slug":"bafona-se-presento-ante-cerca-de-10-mil-personas-en-la-region-de-coquimbo","status":"publish","type":"post","link":"https:\/\/minutaregional.cl\/?p=4079","title":{"rendered":"BAFONA se present\u00f3 ante cerca de 10 mil personas en la regi\u00f3n de Coquimbo"},"content":{"rendered":"<ul>\n<li><strong><em>El Ballet Folkl\u00f3rico Nacional realiz\u00f3 seis presentaciones en cinco comunas de las provincias de Limar\u00ed y Choapa. Seremi de las Culturas destac\u00f3 que gira de BAFONA cumpli\u00f3 un rol de democratizaci\u00f3n y descentralizaci\u00f3n de la cultura.<\/em><\/strong><\/li>\n<\/ul>\n<p>El Ballet Folkl\u00f3rico Nacional BAFONA, elenco de m\u00fasica y danza tradicional del Ministerio de las Culturas, las Artes y el Patrimonio, se present\u00f3 ante casi 10 mil personas en la gira que realizaron en la regi\u00f3n de Coquimbo y que los llev\u00f3 a recorrer las comunas de Monte Patria, Canela, Salamanca, Illapel y Los Vilos entre los d\u00edas 20 y 25 de agosto.<\/p>\n<p>Isidora Riquelme de Monte Patria, indic\u00f3 que el espect\u00e1culo fue \u201csuper entretenido porque tener la oportunidad de ver una presentaci\u00f3n BAFONA es algo que no se da todos los d\u00edas\u201d.<\/p>\n<p>Misma opini\u00f3n tiene la vecina de Illapel, Gloria Ossand\u00f3n, quien resumi\u00f3 el espect\u00e1culo como \u201calgo maravilloso. Todo perfecto. Los bailarines super amables. Todo estuvo maravilloso. Me llenaron mi coraz\u00f3n\u201d.<\/p>\n<p>En tanto, Camila Marcarian, de Los Vilos defini\u00f3 la \u00faltima exhibici\u00f3n de BAFONA en la regi\u00f3n como algo \u201cmaravilloso. Una experiencia grand\u00edsima para nuestros corazones. Una experiencia inolvidable que haya estado en los vilos de manera gratuita ha sido espectacular. Nos vamos con el coraz\u00f3n m\u00e1s que lleno\u201d.<\/p>\n<p>Cedric Steinlen, seremi de las Culturas, las Artes y el Patrimonio, destac\u00f3 la relevancia de la gira de BAFONA en la regi\u00f3n de Coquimbo ya que \u201cdesde el punto de vista de la democratizaci\u00f3n de la cultura, ya que permite tener un elenco de nivel nacional en una buena parte de las comunas de nuestra regi\u00f3n, en particular de la provincia del Choapa que, debido a nuestras caracter\u00edsticas geogr\u00e1ficas, est\u00e1n muy alejadas de la capital regional\u201d.<\/p>\n<p>El secretario regional ministerial agreg\u00f3 que \u201cesta gira es un claro ejemplo de la descentralizaci\u00f3n dentro de la regi\u00f3n y que es fundamental para que las audiencias y los p\u00fablicos del Choapa, y tambi\u00e9n de Monte Patria, puedan disfrutar de este tipo de espect\u00e1culos\u201d.<\/p>\n<p>Rodrigo Bas\u00e1ez, coordinador nacional de los Conjuntos Art\u00edsticos Estables del Ministerio MINCAP, tras la \u00faltima presentaci\u00f3n en Los Vilos se\u00f1al\u00f3 que \u201cha sido una hermosa gira por la regi\u00f3n de Coquimbo, donde casi 10 mil personas disfrutaron de nuestra cultura tradicional. Estamos muy contentos de haber recorrido diferentes lugares de la regi\u00f3n, donde el disfrute de las personas y el cari\u00f1o con que recibieron al elenco de BAFONA es invaluable. Seguiremos enfocados en el prop\u00f3sito del Programa Conjuntos Art\u00edsticos, acercando nuestra identidad a lugares apartados\u201d.<\/p>\n<p>Bas\u00e1ez agreg\u00f3 que \u201cesta gira consolida el trabajo de grandes profesionales del elenco, como t\u00e9cnicos, bailarines y m\u00fasicos, quienes con mucho cari\u00f1o y profesionalismo entregan lo mejor de s\u00ed, lo que se reflej\u00f3 en cada rinc\u00f3n de este territorio. Agradecemos a todos los municipios que nos recibieron y a la Seremi de las Culturas por la impecable gesti\u00f3n y coordinaci\u00f3n. Esperamos regresar pronto para cubrir las otras comunas, con el fin de seguir acercando el arte y la cultura\u201d.<\/p>\n<p>Palabras a las que se suma Jaime Hern\u00e1ndez, director art\u00edstico del Ballet Folkl\u00f3rico Nacional, quien explic\u00f3 que\u00a0 \u201cuna gira que significa mucho para el elenco, despu\u00e9s de mucho tiempo retomamos la itinerancia y demostramos estar preparados para pararnos en cualquier escenario. Adem\u00e1s, volvimos despu\u00e9s de muchos a\u00f1os a comunas como Salamanca o Illapel, donde la gente nos hizo sentir su cari\u00f1o y admiraci\u00f3n por BAFONA\u201d.<\/p>\n<p>En su gira, BAFONA contempl\u00f3 la presentaci\u00f3n del cuadro \u201cZamacueca\u201d, producci\u00f3n creada con la asesor\u00eda de Margot Loyola en 1995; \u201cLa Chamantera\u201d, obra que se inspira en la labor que realizan las tejedoras de chamantos en la localidad de Do\u00f1ihue, adem\u00e1s del cuadro \u201cChilo\u00e9 mito y tradici\u00f3n\u201d, que rescata la mitolog\u00eda isle\u00f1a y pone en escena viejas costumbres comunitarias como las majas de moliendas y las mingas.<\/p>\n<p>Tras sus presentaciones en la regi\u00f3n de Coquimbo el Ballet Folkl\u00f3rico Nacional contin\u00faa con su calendario de presentaciones con una visita a Punta Arenas (14 y 15 septiembre), una gira por La Araucan\u00eda en noviembre, adem\u00e1s de las fechas ya agendadas en las regiones de Valpara\u00edso, O\u2019Higgins y Metropolitana.<\/p>\n","protected":false},"excerpt":{"rendered":"<p>El Ballet Folkl\u00f3rico Nacional realiz\u00f3 seis presentaciones en cinco comunas de las provincias de Limar\u00ed y Choapa. Seremi de las Culturas destac\u00f3 que gira de BAFONA cumpli\u00f3 un rol de democratizaci\u00f3n y descentralizaci\u00f3n de la cultura. El Ballet Folkl\u00f3rico Nacional BAFONA, elenco de m\u00fasica y danza tradicional del Ministerio de<\/p>\n","protected":false},"author":1,"featured_media":4080,"comment_status":"open","ping_status":"open","sticky":false,"template":"","format":"standard","meta":{"footnotes":""},"categories":[16],"tags":[],"class_list":["post-4079","post","type-post","status-publish","format-standard","has-post-thumbnail","hentry","category-seremi-de-cultura"],"_links":{"self":[{"href":"https:\/\/minutaregional.cl\/index.php?rest_route=\/wp\/v2\/posts\/4079","targetHints":{"allow":["GET"]}}],"collection":[{"href":"https:\/\/minutaregional.cl\/index.php?rest_route=\/wp\/v2\/posts"}],"about":[{"href":"https:\/\/minutaregional.cl\/index.php?rest_route=\/wp\/v2\/types\/post"}],"author":[{"embeddable":true,"href":"https:\/\/minutaregional.cl\/index.php?rest_route=\/wp\/v2\/users\/1"}],"replies":[{"embeddable":true,"href":"https:\/\/minutaregional.cl\/index.php?rest_route=%2Fwp%2Fv2%2Fcomments&post=4079"}],"version-history":[{"count":1,"href":"https:\/\/minutaregional.cl\/index.php?rest_route=\/wp\/v2\/posts\/4079\/revisions"}],"predecessor-version":[{"id":4081,"href":"https:\/\/minutaregional.cl\/index.php?rest_route=\/wp\/v2\/posts\/4079\/revisions\/4081"}],"wp:featuredmedia":[{"embeddable":true,"href":"https:\/\/minutaregional.cl\/index.php?rest_route=\/wp\/v2\/media\/4080"}],"wp:attachment":[{"href":"https:\/\/minutaregional.cl\/index.php?rest_route=%2Fwp%2Fv2%2Fmedia&parent=4079"}],"wp:term":[{"taxonomy":"category","embeddable":true,"href":"https:\/\/minutaregional.cl\/index.php?rest_route=%2Fwp%2Fv2%2Fcategories&post=4079"},{"taxonomy":"post_tag","embeddable":true,"href":"https:\/\/minutaregional.cl\/index.php?rest_route=%2Fwp%2Fv2%2Ftags&post=4079"}],"curies":[{"name":"wp","href":"https:\/\/api.w.org\/{rel}","templated":true}]}}